{"id":20871,"date":"2025-07-27T20:47:32","date_gmt":"2025-07-27T18:47:32","guid":{"rendered":"https:\/\/wgphoto.pl\/t\/?p=20871"},"modified":"2025-07-27T20:47:32","modified_gmt":"2025-07-27T18:47:32","slug":"nowka-z-plastiku","status":"publish","type":"post","link":"http:\/\/wgphoto.pl\/t\/?p=20871","title":{"rendered":"N\u00f3wka z plastiku"},"content":{"rendered":"\n<figure class=\"wp-block-image aligncenter size-full\"><img loading=\"lazy\" decoding=\"async\" width=\"1300\" height=\"861\" src=\"https:\/\/wgphoto.pl\/t\/wp-content\/uploads\/2025\/07\/0336-17_rsn.jpg\" alt=\"\" class=\"wp-image-20872\" srcset=\"http:\/\/wgphoto.pl\/t\/wp-content\/uploads\/2025\/07\/0336-17_rsn.jpg 1300w, http:\/\/wgphoto.pl\/t\/wp-content\/uploads\/2025\/07\/0336-17_rsn-300x199.jpg 300w, http:\/\/wgphoto.pl\/t\/wp-content\/uploads\/2025\/07\/0336-17_rsn-768x509.jpg 768w\" sizes=\"auto, (max-width: 1300px) 100vw, 1300px\" \/><\/figure>\n\n\n\n<div class=\"wp-block-group has-global-padding is-layout-constrained wp-block-group-is-layout-constrained\">\n<p>Wroc\u0142aw, plac Stanis\u0142awa Staszica. 105NWr 2460+2541 zbli\u017ca si\u0119 do przystanku o nazwie to\u017csamej z nazw\u0105 placu oraz parku, przez kt\u00f3ry przeje\u017cd\u017ca. By\u0142a to pierwsza tego typu modernizacja Protramu, a foto powsta\u0142o w jednym z pierwszych dni jazdy liniowej, kt\u00f3ra to jazda trwa do dzi\u015b. 23.10.2003<\/p>\n<\/div>\n","protected":false},"excerpt":{"rendered":"<p>Wroc\u0142aw, plac Stanis\u0142awa Staszica. 105NWr 2460+2541 zbli\u017ca si\u0119 do przystanku o nazwie to\u017csamej z nazw\u0105 placu oraz parku, przez kt\u00f3ry przeje\u017cd\u017ca. By\u0142a to pierwsza tego typu modernizacja Protramu, a foto powsta\u0142o w jednym z pierwszych dni jazdy liniowej, kt\u00f3ra to jazda trwa do dzi\u015b. 23.10.2003<\/p>\n","protected":false},"author":1,"featured_media":20872,"comment_status":"open","ping_status":"","sticky":false,"template":"","format":"standard","meta":{"footnotes":""},"categories":[62,149,3],"tags":[43,4358,126,42,70,27,41],"class_list":["post-20871","post","type-post","status-publish","format-standard","has-post-thumbnail","hentry","category-analog","category-rok-2003","category-tramwaj","tag-105nwr","tag-2003-10-23","tag-jesien","tag-mpk-wroclaw","tag-nadodrze","tag-polska","tag-wroclaw"],"_links":{"self":[{"href":"http:\/\/wgphoto.pl\/t\/index.php?rest_route=\/wp\/v2\/posts\/20871","targetHints":{"allow":["GET"]}}],"collection":[{"href":"http:\/\/wgphoto.pl\/t\/index.php?rest_route=\/wp\/v2\/posts"}],"about":[{"href":"http:\/\/wgphoto.pl\/t\/index.php?rest_route=\/wp\/v2\/types\/post"}],"author":[{"embeddable":true,"href":"http:\/\/wgphoto.pl\/t\/index.php?rest_route=\/wp\/v2\/users\/1"}],"replies":[{"embeddable":true,"href":"http:\/\/wgphoto.pl\/t\/index.php?rest_route=%2Fwp%2Fv2%2Fcomments&post=20871"}],"version-history":[{"count":1,"href":"http:\/\/wgphoto.pl\/t\/index.php?rest_route=\/wp\/v2\/posts\/20871\/revisions"}],"predecessor-version":[{"id":20873,"href":"http:\/\/wgphoto.pl\/t\/index.php?rest_route=\/wp\/v2\/posts\/20871\/revisions\/20873"}],"wp:featuredmedia":[{"embeddable":true,"href":"http:\/\/wgphoto.pl\/t\/index.php?rest_route=\/wp\/v2\/media\/20872"}],"wp:attachment":[{"href":"http:\/\/wgphoto.pl\/t\/index.php?rest_route=%2Fwp%2Fv2%2Fmedia&parent=20871"}],"wp:term":[{"taxonomy":"category","embeddable":true,"href":"http:\/\/wgphoto.pl\/t\/index.php?rest_route=%2Fwp%2Fv2%2Fcategories&post=20871"},{"taxonomy":"post_tag","embeddable":true,"href":"http:\/\/wgphoto.pl\/t\/index.php?rest_route=%2Fwp%2Fv2%2Ftags&post=20871"}],"curies":[{"name":"wp","href":"https:\/\/api.w.org\/{rel}","templated":true}]}}