{"id":20959,"date":"2025-07-28T10:48:30","date_gmt":"2025-07-28T08:48:30","guid":{"rendered":"https:\/\/wgphoto.pl\/t\/?p=20959"},"modified":"2025-07-28T10:48:30","modified_gmt":"2025-07-28T08:48:30","slug":"plechac-o-poranku-2","status":"publish","type":"post","link":"http:\/\/wgphoto.pl\/t\/?p=20959","title":{"rendered":"Plech\u00e1\u010d o poranku"},"content":{"rendered":"\n<figure class=\"wp-block-image aligncenter size-full\"><img loading=\"lazy\" decoding=\"async\" width=\"1300\" height=\"870\" src=\"https:\/\/wgphoto.pl\/t\/wp-content\/uploads\/2025\/07\/IMGP0160.jpg\" alt=\"\" class=\"wp-image-20960\" srcset=\"http:\/\/wgphoto.pl\/t\/wp-content\/uploads\/2025\/07\/IMGP0160.jpg 1300w, http:\/\/wgphoto.pl\/t\/wp-content\/uploads\/2025\/07\/IMGP0160-300x201.jpg 300w, http:\/\/wgphoto.pl\/t\/wp-content\/uploads\/2025\/07\/IMGP0160-768x514.jpg 768w\" sizes=\"auto, (max-width: 1300px) 100vw, 1300px\" \/><\/figure>\n\n\n\n<div class=\"wp-block-group has-global-padding is-layout-constrained wp-block-group-is-layout-constrained\">\n<p>242.251-7 za par\u0119 minut odjedzie z dworca g\u0142\u00f3wnego w Pil\u017anie z poci\u0105giem pospiesznym 667 &#8222;Petr Vok&#8221; do Brna. 13.04.2011<\/p>\n<\/div>\n","protected":false},"excerpt":{"rendered":"<p>242.251-7 za par\u0119 minut odjedzie z dworca g\u0142\u00f3wnego w Pil\u017anie z poci\u0105giem pospiesznym 667 &#8222;Petr Vok&#8221; do Brna. 13.04.2011<\/p>\n","protected":false},"author":1,"featured_media":20960,"comment_status":"open","ping_status":"","sticky":false,"template":"","format":"standard","meta":{"footnotes":""},"categories":[2,77],"tags":[752,305,91,50,49,1675,1745,176,716],"class_list":["post-20959","post","type-post","status-publish","format-standard","has-post-thumbnail","hentry","category-kolej","category-rok-2011","tag-2011-04-13","tag-305","tag-blue-hour","tag-cd","tag-czechy","tag-pilzno","tag-plzen-hlavni-nadrazi","tag-rano","tag-tab-cz190"],"_links":{"self":[{"href":"http:\/\/wgphoto.pl\/t\/index.php?rest_route=\/wp\/v2\/posts\/20959","targetHints":{"allow":["GET"]}}],"collection":[{"href":"http:\/\/wgphoto.pl\/t\/index.php?rest_route=\/wp\/v2\/posts"}],"about":[{"href":"http:\/\/wgphoto.pl\/t\/index.php?rest_route=\/wp\/v2\/types\/post"}],"author":[{"embeddable":true,"href":"http:\/\/wgphoto.pl\/t\/index.php?rest_route=\/wp\/v2\/users\/1"}],"replies":[{"embeddable":true,"href":"http:\/\/wgphoto.pl\/t\/index.php?rest_route=%2Fwp%2Fv2%2Fcomments&post=20959"}],"version-history":[{"count":1,"href":"http:\/\/wgphoto.pl\/t\/index.php?rest_route=\/wp\/v2\/posts\/20959\/revisions"}],"predecessor-version":[{"id":20961,"href":"http:\/\/wgphoto.pl\/t\/index.php?rest_route=\/wp\/v2\/posts\/20959\/revisions\/20961"}],"wp:featuredmedia":[{"embeddable":true,"href":"http:\/\/wgphoto.pl\/t\/index.php?rest_route=\/wp\/v2\/media\/20960"}],"wp:attachment":[{"href":"http:\/\/wgphoto.pl\/t\/index.php?rest_route=%2Fwp%2Fv2%2Fmedia&parent=20959"}],"wp:term":[{"taxonomy":"category","embeddable":true,"href":"http:\/\/wgphoto.pl\/t\/index.php?rest_route=%2Fwp%2Fv2%2Fcategories&post=20959"},{"taxonomy":"post_tag","embeddable":true,"href":"http:\/\/wgphoto.pl\/t\/index.php?rest_route=%2Fwp%2Fv2%2Ftags&post=20959"}],"curies":[{"name":"wp","href":"https:\/\/api.w.org\/{rel}","templated":true}]}}