{"id":21025,"date":"2025-07-28T22:35:47","date_gmt":"2025-07-28T20:35:47","guid":{"rendered":"https:\/\/wgphoto.pl\/t\/?p=21025"},"modified":"2025-07-28T22:35:47","modified_gmt":"2025-07-28T20:35:47","slug":"jesienne-slonce","status":"publish","type":"post","link":"http:\/\/wgphoto.pl\/t\/?p=21025","title":{"rendered":"Jesienne s\u0142o\u0144ce"},"content":{"rendered":"\n<figure class=\"wp-block-image aligncenter size-full\"><img loading=\"lazy\" decoding=\"async\" width=\"1300\" height=\"861\" src=\"https:\/\/wgphoto.pl\/t\/wp-content\/uploads\/2025\/07\/IMGP5931.jpg\" alt=\"\" class=\"wp-image-21026\" srcset=\"http:\/\/wgphoto.pl\/t\/wp-content\/uploads\/2025\/07\/IMGP5931.jpg 1300w, http:\/\/wgphoto.pl\/t\/wp-content\/uploads\/2025\/07\/IMGP5931-300x199.jpg 300w, http:\/\/wgphoto.pl\/t\/wp-content\/uploads\/2025\/07\/IMGP5931-768x509.jpg 768w\" sizes=\"auto, (max-width: 1300px) 100vw, 1300px\" \/><\/figure>\n\n\n\n<div class=\"wp-block-group has-global-padding is-layout-constrained wp-block-group-is-layout-constrained\">\n<p>Lokomotywa 40.0654 powoli wyje\u017cd\u017ca z lokomotywowni w Ga\u0142aczu, by podstawi\u0107 si\u0119 do jakiego\u015b poci\u0105gu, by\u0107 mo\u017ce mojego IR do stolicy. 18.10.2019<\/p>\n<\/div>\n","protected":false},"excerpt":{"rendered":"<p>Lokomotywa 40.0654 powoli wyje\u017cd\u017ca z lokomotywowni w Ga\u0142aczu, by podstawi\u0107 si\u0119 do jakiego\u015b poci\u0105gu, by\u0107 mo\u017ce mojego IR do stolicy. 18.10.2019<\/p>\n","protected":false},"author":1,"featured_media":21026,"comment_status":"open","ping_status":"","sticky":false,"template":"","format":"standard","meta":{"footnotes":""},"categories":[2,136],"tags":[963,4373,958,964,4372,574,575],"class_list":["post-21025","post","type-post","status-publish","format-standard","has-post-thumbnail","hentry","category-kolej","category-rok-2019","tag-2019-10-18","tag-4373","tag-cfr","tag-galacz","tag-galati","tag-rumunia","tag-wakacje-2019"],"_links":{"self":[{"href":"http:\/\/wgphoto.pl\/t\/index.php?rest_route=\/wp\/v2\/posts\/21025","targetHints":{"allow":["GET"]}}],"collection":[{"href":"http:\/\/wgphoto.pl\/t\/index.php?rest_route=\/wp\/v2\/posts"}],"about":[{"href":"http:\/\/wgphoto.pl\/t\/index.php?rest_route=\/wp\/v2\/types\/post"}],"author":[{"embeddable":true,"href":"http:\/\/wgphoto.pl\/t\/index.php?rest_route=\/wp\/v2\/users\/1"}],"replies":[{"embeddable":true,"href":"http:\/\/wgphoto.pl\/t\/index.php?rest_route=%2Fwp%2Fv2%2Fcomments&post=21025"}],"version-history":[{"count":1,"href":"http:\/\/wgphoto.pl\/t\/index.php?rest_route=\/wp\/v2\/posts\/21025\/revisions"}],"predecessor-version":[{"id":21027,"href":"http:\/\/wgphoto.pl\/t\/index.php?rest_route=\/wp\/v2\/posts\/21025\/revisions\/21027"}],"wp:featuredmedia":[{"embeddable":true,"href":"http:\/\/wgphoto.pl\/t\/index.php?rest_route=\/wp\/v2\/media\/21026"}],"wp:attachment":[{"href":"http:\/\/wgphoto.pl\/t\/index.php?rest_route=%2Fwp%2Fv2%2Fmedia&parent=21025"}],"wp:term":[{"taxonomy":"category","embeddable":true,"href":"http:\/\/wgphoto.pl\/t\/index.php?rest_route=%2Fwp%2Fv2%2Fcategories&post=21025"},{"taxonomy":"post_tag","embeddable":true,"href":"http:\/\/wgphoto.pl\/t\/index.php?rest_route=%2Fwp%2Fv2%2Ftags&post=21025"}],"curies":[{"name":"wp","href":"https:\/\/api.w.org\/{rel}","templated":true}]}}