{"id":21028,"date":"2025-07-28T22:37:44","date_gmt":"2025-07-28T20:37:44","guid":{"rendered":"https:\/\/wgphoto.pl\/t\/?p=21028"},"modified":"2025-07-29T00:45:51","modified_gmt":"2025-07-28T22:45:51","slug":"stockerbachviadukt","status":"publish","type":"post","link":"http:\/\/wgphoto.pl\/t\/?p=21028","title":{"rendered":"Stockerbachviadukt"},"content":{"rendered":"\n<figure class=\"wp-block-image aligncenter size-full\"><img loading=\"lazy\" decoding=\"async\" width=\"1300\" height=\"861\" src=\"https:\/\/wgphoto.pl\/t\/wp-content\/uploads\/2025\/07\/IMGP8998.jpg\" alt=\"\" class=\"wp-image-21029\" srcset=\"http:\/\/wgphoto.pl\/t\/wp-content\/uploads\/2025\/07\/IMGP8998.jpg 1300w, http:\/\/wgphoto.pl\/t\/wp-content\/uploads\/2025\/07\/IMGP8998-300x199.jpg 300w, http:\/\/wgphoto.pl\/t\/wp-content\/uploads\/2025\/07\/IMGP8998-768x509.jpg 768w\" sizes=\"auto, (max-width: 1300px) 100vw, 1300px\" \/><\/figure>\n\n\n\n<div class=\"wp-block-group has-global-padding is-layout-constrained wp-block-group-is-layout-constrained\">\n<p>Tramwaj linii S8 jako kurs (najprawdopodobniej) Karlsruhe Tullastra\u00dfe &#8211; Bondorf(b. Herrenberg) przeje\u017cd\u017ca przez Stockerbachviadukt na odcinku Gr\u00fcntal-Wittlensweiler &#8211; Dornstetten-Aach. 22.08.2022<\/p>\n<\/div>\n","protected":false},"excerpt":{"rendered":"<p>Tramwaj linii S8 jako kurs (najprawdopodobniej) Karlsruhe Tullastra\u00dfe &#8211; Bondorf(b. Herrenberg) przeje\u017cd\u017ca przez Stockerbachviadukt na odcinku Gr\u00fcntal-Wittlensweiler &#8211; Dornstetten-Aach. 22.08.2022<\/p>\n","protected":false},"author":1,"featured_media":21029,"comment_status":"open","ping_status":"","sticky":false,"template":"","format":"standard","meta":{"footnotes":""},"categories":[669,3],"tags":[1285,1282,2754,3891,4375,3874,113,45,23,3696,1153],"class_list":["post-21028","post","type-post","status-publish","format-standard","has-post-thumbnail","hentry","category-rok-2022","category-tramwaj","tag-2022-08-22","tag-9-euro-ticket-2022","tag-avg-karlsruhe","tag-dornstetten-aach","tag-gruntal-wittlensweiler","tag-gt8-100","tag-landszaft","tag-most","tag-niemcy","tag-stadtbahn-karlsruhe","tag-tramwaj-regionalny"],"_links":{"self":[{"href":"http:\/\/wgphoto.pl\/t\/index.php?rest_route=\/wp\/v2\/posts\/21028","targetHints":{"allow":["GET"]}}],"collection":[{"href":"http:\/\/wgphoto.pl\/t\/index.php?rest_route=\/wp\/v2\/posts"}],"about":[{"href":"http:\/\/wgphoto.pl\/t\/index.php?rest_route=\/wp\/v2\/types\/post"}],"author":[{"embeddable":true,"href":"http:\/\/wgphoto.pl\/t\/index.php?rest_route=\/wp\/v2\/users\/1"}],"replies":[{"embeddable":true,"href":"http:\/\/wgphoto.pl\/t\/index.php?rest_route=%2Fwp%2Fv2%2Fcomments&post=21028"}],"version-history":[{"count":1,"href":"http:\/\/wgphoto.pl\/t\/index.php?rest_route=\/wp\/v2\/posts\/21028\/revisions"}],"predecessor-version":[{"id":21030,"href":"http:\/\/wgphoto.pl\/t\/index.php?rest_route=\/wp\/v2\/posts\/21028\/revisions\/21030"}],"wp:featuredmedia":[{"embeddable":true,"href":"http:\/\/wgphoto.pl\/t\/index.php?rest_route=\/wp\/v2\/media\/21029"}],"wp:attachment":[{"href":"http:\/\/wgphoto.pl\/t\/index.php?rest_route=%2Fwp%2Fv2%2Fmedia&parent=21028"}],"wp:term":[{"taxonomy":"category","embeddable":true,"href":"http:\/\/wgphoto.pl\/t\/index.php?rest_route=%2Fwp%2Fv2%2Fcategories&post=21028"},{"taxonomy":"post_tag","embeddable":true,"href":"http:\/\/wgphoto.pl\/t\/index.php?rest_route=%2Fwp%2Fv2%2Ftags&post=21028"}],"curies":[{"name":"wp","href":"https:\/\/api.w.org\/{rel}","templated":true}]}}