{"id":21031,"date":"2025-07-29T00:51:34","date_gmt":"2025-07-28T22:51:34","guid":{"rendered":"https:\/\/wgphoto.pl\/t\/?p=21031"},"modified":"2025-07-29T00:51:34","modified_gmt":"2025-07-28T22:51:34","slug":"rzadz-2","status":"publish","type":"post","link":"http:\/\/wgphoto.pl\/t\/?p=21031","title":{"rendered":"Rz\u0105dz"},"content":{"rendered":"\n<figure class=\"wp-block-image aligncenter size-full\"><img loading=\"lazy\" decoding=\"async\" width=\"1400\" height=\"928\" src=\"https:\/\/wgphoto.pl\/t\/wp-content\/uploads\/2025\/07\/0519-08.jpg\" alt=\"\" class=\"wp-image-21032\" srcset=\"http:\/\/wgphoto.pl\/t\/wp-content\/uploads\/2025\/07\/0519-08.jpg 1400w, http:\/\/wgphoto.pl\/t\/wp-content\/uploads\/2025\/07\/0519-08-300x199.jpg 300w, http:\/\/wgphoto.pl\/t\/wp-content\/uploads\/2025\/07\/0519-08-768x509.jpg 768w\" sizes=\"auto, (max-width: 1400px) 100vw, 1400px\" \/><\/figure>\n\n\n\n<div class=\"wp-block-group has-global-padding is-layout-constrained wp-block-group-is-layout-constrained\">\n<p>Grudzi\u0105dz, ul. Konstytucji 3 Maja. 805Na 58+41 wyje\u017cd\u017ca z osiedla Rz\u0105dz z niezmienionym kierunkiem na przedniej tablicy. 27.07.2005<\/p>\n<\/div>\n","protected":false},"excerpt":{"rendered":"<p>Grudzi\u0105dz, ul. Konstytucji 3 Maja. 805Na 58+41 wyje\u017cd\u017ca z osiedla Rz\u0105dz z niezmienionym kierunkiem na przedniej tablicy. 27.07.2005<\/p>\n","protected":false},"author":1,"featured_media":21032,"comment_status":"open","ping_status":"","sticky":false,"template":"","format":"standard","meta":{"footnotes":""},"categories":[62,311,3],"tags":[1002,2622,915,914,27],"class_list":["post-21031","post","type-post","status-publish","format-standard","has-post-thumbnail","hentry","category-analog","category-rok-2005","category-tramwaj","tag-2005-07-27","tag-805na","tag-grudziadz","tag-mzk-grudziadz","tag-polska"],"_links":{"self":[{"href":"http:\/\/wgphoto.pl\/t\/index.php?rest_route=\/wp\/v2\/posts\/21031","targetHints":{"allow":["GET"]}}],"collection":[{"href":"http:\/\/wgphoto.pl\/t\/index.php?rest_route=\/wp\/v2\/posts"}],"about":[{"href":"http:\/\/wgphoto.pl\/t\/index.php?rest_route=\/wp\/v2\/types\/post"}],"author":[{"embeddable":true,"href":"http:\/\/wgphoto.pl\/t\/index.php?rest_route=\/wp\/v2\/users\/1"}],"replies":[{"embeddable":true,"href":"http:\/\/wgphoto.pl\/t\/index.php?rest_route=%2Fwp%2Fv2%2Fcomments&post=21031"}],"version-history":[{"count":1,"href":"http:\/\/wgphoto.pl\/t\/index.php?rest_route=\/wp\/v2\/posts\/21031\/revisions"}],"predecessor-version":[{"id":21033,"href":"http:\/\/wgphoto.pl\/t\/index.php?rest_route=\/wp\/v2\/posts\/21031\/revisions\/21033"}],"wp:featuredmedia":[{"embeddable":true,"href":"http:\/\/wgphoto.pl\/t\/index.php?rest_route=\/wp\/v2\/media\/21032"}],"wp:attachment":[{"href":"http:\/\/wgphoto.pl\/t\/index.php?rest_route=%2Fwp%2Fv2%2Fmedia&parent=21031"}],"wp:term":[{"taxonomy":"category","embeddable":true,"href":"http:\/\/wgphoto.pl\/t\/index.php?rest_route=%2Fwp%2Fv2%2Fcategories&post=21031"},{"taxonomy":"post_tag","embeddable":true,"href":"http:\/\/wgphoto.pl\/t\/index.php?rest_route=%2Fwp%2Fv2%2Ftags&post=21031"}],"curies":[{"name":"wp","href":"https:\/\/api.w.org\/{rel}","templated":true}]}}