{"id":21034,"date":"2025-07-29T00:52:31","date_gmt":"2025-07-28T22:52:31","guid":{"rendered":"https:\/\/wgphoto.pl\/t\/?p=21034"},"modified":"2025-07-29T00:52:31","modified_gmt":"2025-07-28T22:52:31","slug":"363-134-varin","status":"publish","type":"post","link":"http:\/\/wgphoto.pl\/t\/?p=21034","title":{"rendered":"363.134, Var\u00edn"},"content":{"rendered":"\n<figure class=\"wp-block-image aligncenter size-full\"><img loading=\"lazy\" decoding=\"async\" width=\"1400\" height=\"927\" src=\"https:\/\/wgphoto.pl\/t\/wp-content\/uploads\/2025\/07\/IMGP4498.jpg\" alt=\"\" class=\"wp-image-21035\" srcset=\"http:\/\/wgphoto.pl\/t\/wp-content\/uploads\/2025\/07\/IMGP4498.jpg 1400w, http:\/\/wgphoto.pl\/t\/wp-content\/uploads\/2025\/07\/IMGP4498-300x199.jpg 300w, http:\/\/wgphoto.pl\/t\/wp-content\/uploads\/2025\/07\/IMGP4498-768x509.jpg 768w\" sizes=\"auto, (max-width: 1400px) 100vw, 1400px\" \/><\/figure>\n\n\n\n<div class=\"wp-block-group has-global-padding is-layout-constrained wp-block-group-is-layout-constrained\">\n<p>363.134 z poci\u0105giem osobowym 3426 relacji Liptovsk\u00fd Mikul\u00e1\u0161 &#8211; \u017dilina wje\u017cd\u017ca do stacji Var\u00edn. Osob\u00f3wek zestawionych z takich zapyzia\u0142ych wagon\u00f3w ju\u017c na S\u0142owacji chyba pr\u00f3\u017cno szuka\u0107. 13.08.2019<\/p>\n<\/div>\n","protected":false},"excerpt":{"rendered":"<p>363.134 z poci\u0105giem osobowym 3426 relacji Liptovsk\u00fd Mikul\u00e1\u0161 &#8211; \u017dilina wje\u017cd\u017ca do stacji Var\u00edn. Osob\u00f3wek zestawionych z takich zapyzia\u0142ych wagon\u00f3w ju\u017c na S\u0142owacji chyba pr\u00f3\u017cno szuka\u0107. 13.08.2019<\/p>\n","protected":false},"author":1,"featured_media":21035,"comment_status":"open","ping_status":"","sticky":false,"template":"","format":"standard","meta":{"footnotes":""},"categories":[2,136],"tags":[1760,51,114,1168,675,1759,469],"class_list":["post-21034","post","type-post","status-publish","format-standard","has-post-thumbnail","hentry","category-kolej","category-rok-2019","tag-2019-08-13","tag-51","tag-gory","tag-sierpniowka-2019","tag-slowacja","tag-varin","tag-zssk"],"_links":{"self":[{"href":"http:\/\/wgphoto.pl\/t\/index.php?rest_route=\/wp\/v2\/posts\/21034","targetHints":{"allow":["GET"]}}],"collection":[{"href":"http:\/\/wgphoto.pl\/t\/index.php?rest_route=\/wp\/v2\/posts"}],"about":[{"href":"http:\/\/wgphoto.pl\/t\/index.php?rest_route=\/wp\/v2\/types\/post"}],"author":[{"embeddable":true,"href":"http:\/\/wgphoto.pl\/t\/index.php?rest_route=\/wp\/v2\/users\/1"}],"replies":[{"embeddable":true,"href":"http:\/\/wgphoto.pl\/t\/index.php?rest_route=%2Fwp%2Fv2%2Fcomments&post=21034"}],"version-history":[{"count":1,"href":"http:\/\/wgphoto.pl\/t\/index.php?rest_route=\/wp\/v2\/posts\/21034\/revisions"}],"predecessor-version":[{"id":21036,"href":"http:\/\/wgphoto.pl\/t\/index.php?rest_route=\/wp\/v2\/posts\/21034\/revisions\/21036"}],"wp:featuredmedia":[{"embeddable":true,"href":"http:\/\/wgphoto.pl\/t\/index.php?rest_route=\/wp\/v2\/media\/21035"}],"wp:attachment":[{"href":"http:\/\/wgphoto.pl\/t\/index.php?rest_route=%2Fwp%2Fv2%2Fmedia&parent=21034"}],"wp:term":[{"taxonomy":"category","embeddable":true,"href":"http:\/\/wgphoto.pl\/t\/index.php?rest_route=%2Fwp%2Fv2%2Fcategories&post=21034"},{"taxonomy":"post_tag","embeddable":true,"href":"http:\/\/wgphoto.pl\/t\/index.php?rest_route=%2Fwp%2Fv2%2Ftags&post=21034"}],"curies":[{"name":"wp","href":"https:\/\/api.w.org\/{rel}","templated":true}]}}