{"id":21074,"date":"2025-07-29T10:55:44","date_gmt":"2025-07-29T08:55:44","guid":{"rendered":"https:\/\/wgphoto.pl\/t\/?p=21074"},"modified":"2025-07-29T10:55:44","modified_gmt":"2025-07-29T08:55:44","slug":"tyniste-nad-orlici","status":"publish","type":"post","link":"http:\/\/wgphoto.pl\/t\/?p=21074","title":{"rendered":"T\u00fdni\u0161t\u011b nad Orlic\u00ed"},"content":{"rendered":"\n<figure class=\"wp-block-image aligncenter size-full\"><img loading=\"lazy\" decoding=\"async\" width=\"1200\" height=\"800\" src=\"https:\/\/wgphoto.pl\/t\/wp-content\/uploads\/2025\/07\/DSCF7338.jpg\" alt=\"\" class=\"wp-image-21075\" srcset=\"http:\/\/wgphoto.pl\/t\/wp-content\/uploads\/2025\/07\/DSCF7338.jpg 1200w, http:\/\/wgphoto.pl\/t\/wp-content\/uploads\/2025\/07\/DSCF7338-300x200.jpg 300w, http:\/\/wgphoto.pl\/t\/wp-content\/uploads\/2025\/07\/DSCF7338-768x512.jpg 768w\" sizes=\"auto, (max-width: 1200px) 100vw, 1200px\" \/><\/figure>\n\n\n\n<div class=\"wp-block-group has-global-padding is-layout-constrained wp-block-group-is-layout-constrained\">\n<p>Maszyna 750.285-9 (pozna\u0107 j\u0105 mo\u017cna po charakterystycznych barwach) z przyspieszonym poci\u0105giem Hradec Kr\u00e1lov\u00e9 &#8211; Letohrad zatrzymuje si\u0119 na stacji T\u00fdni\u0161t\u011b nad Orlic\u00ed w czasie popo\u0142udniowego szczytu komunikacyjnego, gdzie na swoje odjazdy oczekuje jeszcze par\u0119 innych poci\u0105g\u00f3w. 13.08.2008<\/p>\n<\/div>\n","protected":false},"excerpt":{"rendered":"<p>Maszyna 750.285-9 (pozna\u0107 j\u0105 mo\u017cna po charakterystycznych barwach) z przyspieszonym poci\u0105giem Hradec Kr\u00e1lov\u00e9 &#8211; Letohrad zatrzymuje si\u0119 na stacji T\u00fdni\u0161t\u011b nad Orlic\u00ed w czasie popo\u0142udniowego szczytu komunikacyjnego, gdzie na swoje odjazdy oczekuje jeszcze par\u0119 innych poci\u0105g\u00f3w. 13.08.2008<\/p>\n","protected":false},"author":1,"featured_media":21075,"comment_status":"open","ping_status":"","sticky":false,"template":"","format":"standard","meta":{"footnotes":""},"categories":[2,120],"tags":[1401,197,1467,50,49,313,151,24,1841,4377,265],"class_list":["post-21074","post","type-post","status-publish","format-standard","has-post-thumbnail","hentry","category-kolej","category-rok-2008","tag-1401","tag-2008-08-13","tag-1467","tag-cd","tag-czechy","tag-dyzurny","tag-ludzie","tag-perony","tag-tab-cz021","tag-tyniste-nad-orlici","tag-wagon"],"_links":{"self":[{"href":"http:\/\/wgphoto.pl\/t\/index.php?rest_route=\/wp\/v2\/posts\/21074","targetHints":{"allow":["GET"]}}],"collection":[{"href":"http:\/\/wgphoto.pl\/t\/index.php?rest_route=\/wp\/v2\/posts"}],"about":[{"href":"http:\/\/wgphoto.pl\/t\/index.php?rest_route=\/wp\/v2\/types\/post"}],"author":[{"embeddable":true,"href":"http:\/\/wgphoto.pl\/t\/index.php?rest_route=\/wp\/v2\/users\/1"}],"replies":[{"embeddable":true,"href":"http:\/\/wgphoto.pl\/t\/index.php?rest_route=%2Fwp%2Fv2%2Fcomments&post=21074"}],"version-history":[{"count":1,"href":"http:\/\/wgphoto.pl\/t\/index.php?rest_route=\/wp\/v2\/posts\/21074\/revisions"}],"predecessor-version":[{"id":21076,"href":"http:\/\/wgphoto.pl\/t\/index.php?rest_route=\/wp\/v2\/posts\/21074\/revisions\/21076"}],"wp:featuredmedia":[{"embeddable":true,"href":"http:\/\/wgphoto.pl\/t\/index.php?rest_route=\/wp\/v2\/media\/21075"}],"wp:attachment":[{"href":"http:\/\/wgphoto.pl\/t\/index.php?rest_route=%2Fwp%2Fv2%2Fmedia&parent=21074"}],"wp:term":[{"taxonomy":"category","embeddable":true,"href":"http:\/\/wgphoto.pl\/t\/index.php?rest_route=%2Fwp%2Fv2%2Fcategories&post=21074"},{"taxonomy":"post_tag","embeddable":true,"href":"http:\/\/wgphoto.pl\/t\/index.php?rest_route=%2Fwp%2Fv2%2Ftags&post=21074"}],"curies":[{"name":"wp","href":"https:\/\/api.w.org\/{rel}","templated":true}]}}