{"id":21077,"date":"2025-07-29T10:56:32","date_gmt":"2025-07-29T08:56:32","guid":{"rendered":"https:\/\/wgphoto.pl\/t\/?p=21077"},"modified":"2025-07-29T10:56:32","modified_gmt":"2025-07-29T08:56:32","slug":"samedan","status":"publish","type":"post","link":"http:\/\/wgphoto.pl\/t\/?p=21077","title":{"rendered":"Samedan"},"content":{"rendered":"\n<figure class=\"wp-block-image aligncenter size-full\"><img loading=\"lazy\" decoding=\"async\" width=\"1300\" height=\"861\" src=\"https:\/\/wgphoto.pl\/t\/wp-content\/uploads\/2025\/07\/IMGP8248-1.jpg\" alt=\"\" class=\"wp-image-21078\" srcset=\"http:\/\/wgphoto.pl\/t\/wp-content\/uploads\/2025\/07\/IMGP8248-1.jpg 1300w, http:\/\/wgphoto.pl\/t\/wp-content\/uploads\/2025\/07\/IMGP8248-1-300x199.jpg 300w, http:\/\/wgphoto.pl\/t\/wp-content\/uploads\/2025\/07\/IMGP8248-1-768x509.jpg 768w\" sizes=\"auto, (max-width: 1300px) 100vw, 1300px\" \/><\/figure>\n\n\n\n<div class=\"wp-block-group has-global-padding is-layout-constrained wp-block-group-is-layout-constrained\">\n<p>Podobne do tego z poprzedniego zdj\u0119cia, a jak\u017ce inne spotkanie poci\u0105g\u00f3w w szwajcarskim Samedan. Lokomotywa Ge 4\/4 II nr 619 prowadzi poci\u0105g 1924 Pontresina &#8211; Scuol-Tarasp, obok stoj\u0105 maszyny serii Ge6\/6. 26.03.2018<\/p>\n<\/div>\n","protected":false},"excerpt":{"rendered":"<p>Podobne do tego z poprzedniego zdj\u0119cia, a jak\u017ce inne spotkanie poci\u0105g\u00f3w w szwajcarskim Samedan. Lokomotywa Ge 4\/4 II nr 619 prowadzi poci\u0105g 1924 Pontresina &#8211; Scuol-Tarasp, obok stoj\u0105 maszyny serii Ge6\/6. 26.03.2018<\/p>\n","protected":false},"author":1,"featured_media":21078,"comment_status":"open","ping_status":"","sticky":false,"template":"","format":"standard","meta":{"footnotes":""},"categories":[2,156],"tags":[736,114,737,4354,44,183,186],"class_list":["post-21077","post","type-post","status-publish","format-standard","has-post-thumbnail","hentry","category-kolej","category-rok-2018","tag-2018-03-26","tag-gory","tag-rhatische-bahn","tag-samedan","tag-snieg","tag-suissetrip-2018","tag-szwajcaria"],"_links":{"self":[{"href":"http:\/\/wgphoto.pl\/t\/index.php?rest_route=\/wp\/v2\/posts\/21077","targetHints":{"allow":["GET"]}}],"collection":[{"href":"http:\/\/wgphoto.pl\/t\/index.php?rest_route=\/wp\/v2\/posts"}],"about":[{"href":"http:\/\/wgphoto.pl\/t\/index.php?rest_route=\/wp\/v2\/types\/post"}],"author":[{"embeddable":true,"href":"http:\/\/wgphoto.pl\/t\/index.php?rest_route=\/wp\/v2\/users\/1"}],"replies":[{"embeddable":true,"href":"http:\/\/wgphoto.pl\/t\/index.php?rest_route=%2Fwp%2Fv2%2Fcomments&post=21077"}],"version-history":[{"count":1,"href":"http:\/\/wgphoto.pl\/t\/index.php?rest_route=\/wp\/v2\/posts\/21077\/revisions"}],"predecessor-version":[{"id":21079,"href":"http:\/\/wgphoto.pl\/t\/index.php?rest_route=\/wp\/v2\/posts\/21077\/revisions\/21079"}],"wp:featuredmedia":[{"embeddable":true,"href":"http:\/\/wgphoto.pl\/t\/index.php?rest_route=\/wp\/v2\/media\/21078"}],"wp:attachment":[{"href":"http:\/\/wgphoto.pl\/t\/index.php?rest_route=%2Fwp%2Fv2%2Fmedia&parent=21077"}],"wp:term":[{"taxonomy":"category","embeddable":true,"href":"http:\/\/wgphoto.pl\/t\/index.php?rest_route=%2Fwp%2Fv2%2Fcategories&post=21077"},{"taxonomy":"post_tag","embeddable":true,"href":"http:\/\/wgphoto.pl\/t\/index.php?rest_route=%2Fwp%2Fv2%2Ftags&post=21077"}],"curies":[{"name":"wp","href":"https:\/\/api.w.org\/{rel}","templated":true}]}}