{"id":2108,"date":"2024-10-08T19:46:00","date_gmt":"2024-10-08T17:46:00","guid":{"rendered":"https:\/\/wgphoto.pl\/t\/?p=2108"},"modified":"2025-03-04T18:50:23","modified_gmt":"2025-03-04T17:50:23","slug":"kolejowe-uprzejmosci","status":"publish","type":"post","link":"http:\/\/wgphoto.pl\/t\/?p=2108","title":{"rendered":"Kolejowe uprzejmo\u015bci"},"content":{"rendered":"\n<figure class=\"wp-block-image aligncenter size-full\"><img loading=\"lazy\" decoding=\"async\" width=\"1200\" height=\"803\" src=\"https:\/\/wgphoto.pl\/t\/wp-content\/uploads\/2024\/10\/IMGP7761.jpg\" alt=\"\" class=\"wp-image-2109\" srcset=\"http:\/\/wgphoto.pl\/t\/wp-content\/uploads\/2024\/10\/IMGP7761.jpg 1200w, http:\/\/wgphoto.pl\/t\/wp-content\/uploads\/2024\/10\/IMGP7761-300x201.jpg 300w, http:\/\/wgphoto.pl\/t\/wp-content\/uploads\/2024\/10\/IMGP7761-768x514.jpg 768w\" sizes=\"auto, (max-width: 1200px) 100vw, 1200px\" \/><\/figure>\n\n\n\n<div class=\"wp-block-group has-global-padding is-layout-constrained wp-block-group-is-layout-constrained\">\n<p>Moravsk\u00e9 Br\u00e1nice. Dy\u017curny ruchu wyprawia na szlak poci\u0105g 4444 rel. Brno hl.n. &#8211; Oslavany w postaci wagonu motorowego 842 031-7 (doczepa dalej nie pojedzie), a kierownik poci\u0105gu potwierdza gotowo\u015b\u0107. 22.07.2009<\/p>\n<\/div>\n","protected":false},"excerpt":{"rendered":"<p>Moravsk\u00e9 Br\u00e1nice. Dy\u017curny ruchu wyprawia na szlak poci\u0105g 4444 rel. Brno hl.n. &#8211; Oslavany w postaci wagonu motorowego 842 031-7 (doczepa dalej nie pojedzie), a kierownik poci\u0105gu potwierdza gotowo\u015b\u0107. 22.07.2009<\/p>\n","protected":false},"author":1,"featured_media":2109,"comment_status":"open","ping_status":"","sticky":false,"template":"","format":"standard","meta":{"footnotes":""},"categories":[2,169],"tags":[340,525,50,49,313,196,1103,53,1839],"class_list":["post-2108","post","type-post","status-publish","format-standard","has-post-thumbnail","hentry","category-kolej","category-rok-2009","tag-2009-07-22","tag-525","tag-cd","tag-czechy","tag-dyzurny","tag-linie-raczej-lokalne","tag-moravske-branice","tag-sygnalizacja-ksztaltowa","tag-tab-cz244"],"_links":{"self":[{"href":"http:\/\/wgphoto.pl\/t\/index.php?rest_route=\/wp\/v2\/posts\/2108","targetHints":{"allow":["GET"]}}],"collection":[{"href":"http:\/\/wgphoto.pl\/t\/index.php?rest_route=\/wp\/v2\/posts"}],"about":[{"href":"http:\/\/wgphoto.pl\/t\/index.php?rest_route=\/wp\/v2\/types\/post"}],"author":[{"embeddable":true,"href":"http:\/\/wgphoto.pl\/t\/index.php?rest_route=\/wp\/v2\/users\/1"}],"replies":[{"embeddable":true,"href":"http:\/\/wgphoto.pl\/t\/index.php?rest_route=%2Fwp%2Fv2%2Fcomments&post=2108"}],"version-history":[{"count":1,"href":"http:\/\/wgphoto.pl\/t\/index.php?rest_route=\/wp\/v2\/posts\/2108\/revisions"}],"predecessor-version":[{"id":2110,"href":"http:\/\/wgphoto.pl\/t\/index.php?rest_route=\/wp\/v2\/posts\/2108\/revisions\/2110"}],"wp:featuredmedia":[{"embeddable":true,"href":"http:\/\/wgphoto.pl\/t\/index.php?rest_route=\/wp\/v2\/media\/2109"}],"wp:attachment":[{"href":"http:\/\/wgphoto.pl\/t\/index.php?rest_route=%2Fwp%2Fv2%2Fmedia&parent=2108"}],"wp:term":[{"taxonomy":"category","embeddable":true,"href":"http:\/\/wgphoto.pl\/t\/index.php?rest_route=%2Fwp%2Fv2%2Fcategories&post=2108"},{"taxonomy":"post_tag","embeddable":true,"href":"http:\/\/wgphoto.pl\/t\/index.php?rest_route=%2Fwp%2Fv2%2Ftags&post=2108"}],"curies":[{"name":"wp","href":"https:\/\/api.w.org\/{rel}","templated":true}]}}