{"id":21080,"date":"2025-07-29T10:57:31","date_gmt":"2025-07-29T08:57:31","guid":{"rendered":"https:\/\/wgphoto.pl\/t\/?p=21080"},"modified":"2025-07-29T10:57:31","modified_gmt":"2025-07-29T08:57:31","slug":"znajdz-roznice","status":"publish","type":"post","link":"http:\/\/wgphoto.pl\/t\/?p=21080","title":{"rendered":"Znajd\u017a r\u00f3\u017cnice"},"content":{"rendered":"\n<figure class=\"wp-block-image aligncenter size-full\"><img loading=\"lazy\" decoding=\"async\" width=\"1299\" height=\"852\" src=\"https:\/\/wgphoto.pl\/t\/wp-content\/uploads\/2025\/07\/2002L_36_rsn.jpg\" alt=\"\" class=\"wp-image-21081\" srcset=\"http:\/\/wgphoto.pl\/t\/wp-content\/uploads\/2025\/07\/2002L_36_rsn.jpg 1299w, http:\/\/wgphoto.pl\/t\/wp-content\/uploads\/2025\/07\/2002L_36_rsn-300x197.jpg 300w, http:\/\/wgphoto.pl\/t\/wp-content\/uploads\/2025\/07\/2002L_36_rsn-768x504.jpg 768w\" sizes=\"auto, (max-width: 1299px) 100vw, 1299px\" \/><\/figure>\n\n\n\n<div class=\"wp-block-group has-global-padding is-layout-constrained wp-block-group-is-layout-constrained\">\n<p>ET22-393 i 608 oczekuj\u0105 na odjazd ze stacji Ostr\u00f3w Wielkopolski. 06.06.2002<\/p>\n<\/div>\n","protected":false},"excerpt":{"rendered":"<p>ET22-393 i 608 oczekuj\u0105 na odjazd ze stacji Ostr\u00f3w Wielkopolski. 06.06.2002<\/p>\n","protected":false},"author":1,"featured_media":21081,"comment_status":"open","ping_status":"","sticky":false,"template":"","format":"standard","meta":{"footnotes":""},"categories":[62,2,577],"tags":[3935,26,2744,63,27],"class_list":["post-21080","post","type-post","status-publish","format-standard","has-post-thumbnail","hentry","category-analog","category-kolej","category-rok-2002","tag-2002-06-06","tag-et22","tag-ostrow-wielkopolski","tag-pkp","tag-polska"],"_links":{"self":[{"href":"http:\/\/wgphoto.pl\/t\/index.php?rest_route=\/wp\/v2\/posts\/21080","targetHints":{"allow":["GET"]}}],"collection":[{"href":"http:\/\/wgphoto.pl\/t\/index.php?rest_route=\/wp\/v2\/posts"}],"about":[{"href":"http:\/\/wgphoto.pl\/t\/index.php?rest_route=\/wp\/v2\/types\/post"}],"author":[{"embeddable":true,"href":"http:\/\/wgphoto.pl\/t\/index.php?rest_route=\/wp\/v2\/users\/1"}],"replies":[{"embeddable":true,"href":"http:\/\/wgphoto.pl\/t\/index.php?rest_route=%2Fwp%2Fv2%2Fcomments&post=21080"}],"version-history":[{"count":1,"href":"http:\/\/wgphoto.pl\/t\/index.php?rest_route=\/wp\/v2\/posts\/21080\/revisions"}],"predecessor-version":[{"id":21082,"href":"http:\/\/wgphoto.pl\/t\/index.php?rest_route=\/wp\/v2\/posts\/21080\/revisions\/21082"}],"wp:featuredmedia":[{"embeddable":true,"href":"http:\/\/wgphoto.pl\/t\/index.php?rest_route=\/wp\/v2\/media\/21081"}],"wp:attachment":[{"href":"http:\/\/wgphoto.pl\/t\/index.php?rest_route=%2Fwp%2Fv2%2Fmedia&parent=21080"}],"wp:term":[{"taxonomy":"category","embeddable":true,"href":"http:\/\/wgphoto.pl\/t\/index.php?rest_route=%2Fwp%2Fv2%2Fcategories&post=21080"},{"taxonomy":"post_tag","embeddable":true,"href":"http:\/\/wgphoto.pl\/t\/index.php?rest_route=%2Fwp%2Fv2%2Ftags&post=21080"}],"curies":[{"name":"wp","href":"https:\/\/api.w.org\/{rel}","templated":true}]}}