{"id":21086,"date":"2025-07-29T10:59:35","date_gmt":"2025-07-29T08:59:35","guid":{"rendered":"https:\/\/wgphoto.pl\/t\/?p=21086"},"modified":"2025-07-29T10:59:35","modified_gmt":"2025-07-29T08:59:35","slug":"prosperita-palace","status":"publish","type":"post","link":"http:\/\/wgphoto.pl\/t\/?p=21086","title":{"rendered":"Prosperita Palace"},"content":{"rendered":"\n<figure class=\"wp-block-image aligncenter size-full\"><img loading=\"lazy\" decoding=\"async\" width=\"800\" height=\"1000\" src=\"https:\/\/wgphoto.pl\/t\/wp-content\/uploads\/2025\/07\/IMGP6178.jpg\" alt=\"\" class=\"wp-image-21087\" srcset=\"http:\/\/wgphoto.pl\/t\/wp-content\/uploads\/2025\/07\/IMGP6178.jpg 800w, http:\/\/wgphoto.pl\/t\/wp-content\/uploads\/2025\/07\/IMGP6178-240x300.jpg 240w, http:\/\/wgphoto.pl\/t\/wp-content\/uploads\/2025\/07\/IMGP6178-768x960.jpg 768w\" sizes=\"auto, (max-width: 800px) 100vw, 800px\" \/><\/figure>\n\n\n\n<div class=\"wp-block-group has-global-padding is-layout-constrained wp-block-group-is-layout-constrained\">\n<p>Tatra KT8D5R.N1 1503 zatrzymuje si\u0119 w deszczowe popo\u0142udnie na przystanku Elektra na ul. N\u00e1dra\u017en\u00ed w Ostrawie. 20.04.2024<\/p>\n<\/div>\n","protected":false},"excerpt":{"rendered":"<p>Tatra KT8D5R.N1 1503 zatrzymuje si\u0119 w deszczowe popo\u0142udnie na przystanku Elektra na ul. N\u00e1dra\u017en\u00ed w Ostrawie. 20.04.2024<\/p>\n","protected":false},"author":1,"featured_media":21087,"comment_status":"open","ping_status":"","sticky":false,"template":"","format":"standard","meta":{"footnotes":""},"categories":[128,5,3],"tags":[2083,91,49,13,899,395,897,1075],"class_list":["post-21086","post","type-post","status-publish","format-standard","has-post-thumbnail","hentry","category-pionowe","category-2024r","category-tramwaj","tag-2024-04-20","tag-blue-hour","tag-czechy","tag-deszcz","tag-dp-ostrava","tag-lustro","tag-ostrawa","tag-tatra-kt8"],"_links":{"self":[{"href":"http:\/\/wgphoto.pl\/t\/index.php?rest_route=\/wp\/v2\/posts\/21086","targetHints":{"allow":["GET"]}}],"collection":[{"href":"http:\/\/wgphoto.pl\/t\/index.php?rest_route=\/wp\/v2\/posts"}],"about":[{"href":"http:\/\/wgphoto.pl\/t\/index.php?rest_route=\/wp\/v2\/types\/post"}],"author":[{"embeddable":true,"href":"http:\/\/wgphoto.pl\/t\/index.php?rest_route=\/wp\/v2\/users\/1"}],"replies":[{"embeddable":true,"href":"http:\/\/wgphoto.pl\/t\/index.php?rest_route=%2Fwp%2Fv2%2Fcomments&post=21086"}],"version-history":[{"count":1,"href":"http:\/\/wgphoto.pl\/t\/index.php?rest_route=\/wp\/v2\/posts\/21086\/revisions"}],"predecessor-version":[{"id":21088,"href":"http:\/\/wgphoto.pl\/t\/index.php?rest_route=\/wp\/v2\/posts\/21086\/revisions\/21088"}],"wp:featuredmedia":[{"embeddable":true,"href":"http:\/\/wgphoto.pl\/t\/index.php?rest_route=\/wp\/v2\/media\/21087"}],"wp:attachment":[{"href":"http:\/\/wgphoto.pl\/t\/index.php?rest_route=%2Fwp%2Fv2%2Fmedia&parent=21086"}],"wp:term":[{"taxonomy":"category","embeddable":true,"href":"http:\/\/wgphoto.pl\/t\/index.php?rest_route=%2Fwp%2Fv2%2Fcategories&post=21086"},{"taxonomy":"post_tag","embeddable":true,"href":"http:\/\/wgphoto.pl\/t\/index.php?rest_route=%2Fwp%2Fv2%2Ftags&post=21086"}],"curies":[{"name":"wp","href":"https:\/\/api.w.org\/{rel}","templated":true}]}}