{"id":21089,"date":"2025-07-29T11:00:38","date_gmt":"2025-07-29T09:00:38","guid":{"rendered":"https:\/\/wgphoto.pl\/t\/?p=21089"},"modified":"2025-07-29T11:00:38","modified_gmt":"2025-07-29T09:00:38","slug":"wiosna-przy-dawnej-hucie","status":"publish","type":"post","link":"http:\/\/wgphoto.pl\/t\/?p=21089","title":{"rendered":"Wiosna przy dawnej hucie"},"content":{"rendered":"\n<figure class=\"wp-block-image aligncenter size-full\"><img loading=\"lazy\" decoding=\"async\" width=\"1300\" height=\"861\" src=\"https:\/\/wgphoto.pl\/t\/wp-content\/uploads\/2025\/07\/IMGP6021.jpg\" alt=\"\" class=\"wp-image-21090\" srcset=\"http:\/\/wgphoto.pl\/t\/wp-content\/uploads\/2025\/07\/IMGP6021.jpg 1300w, http:\/\/wgphoto.pl\/t\/wp-content\/uploads\/2025\/07\/IMGP6021-300x199.jpg 300w, http:\/\/wgphoto.pl\/t\/wp-content\/uploads\/2025\/07\/IMGP6021-768x509.jpg 768w\" sizes=\"auto, (max-width: 1300px) 100vw, 1300px\" \/><\/figure>\n\n\n\n<div class=\"wp-block-group has-global-padding is-layout-constrained wp-block-group-is-layout-constrained\">\n<p>Ostrawa, ul. Rusk\u00e1. Pojedynczy wagon Vario LFR.E 1335 na linii 12 zostawi\u0142 grupk\u0119 pasa\u017cer\u00f3w na przystanku Star\u00e1 ocel\u00e1rna, zlokalizowanym w\u015br\u00f3d hutiniczych zabudowa\u0144 V\u00edtkovic, i p\u0119dzi dalej w kierunku Dubiny. 20.04.2024<\/p>\n<\/div>\n","protected":false},"excerpt":{"rendered":"<p>Ostrawa, ul. Rusk\u00e1. Pojedynczy wagon Vario LFR.E 1335 na linii 12 zostawi\u0142 grupk\u0119 pasa\u017cer\u00f3w na przystanku Star\u00e1 ocel\u00e1rna, zlokalizowanym w\u015br\u00f3d hutiniczych zabudowa\u0144 V\u00edtkovic, i p\u0119dzi dalej w kierunku Dubiny. 20.04.2024<\/p>\n","protected":false},"author":1,"featured_media":21090,"comment_status":"open","ping_status":"","sticky":false,"template":"","format":"standard","meta":{"footnotes":""},"categories":[5,3],"tags":[2083,49,899,303,897,1243],"class_list":["post-21089","post","type-post","status-publish","format-standard","has-post-thumbnail","hentry","category-2024r","category-tramwaj","tag-2024-04-20","tag-czechy","tag-dp-ostrava","tag-industrial","tag-ostrawa","tag-vario-lf"],"_links":{"self":[{"href":"http:\/\/wgphoto.pl\/t\/index.php?rest_route=\/wp\/v2\/posts\/21089","targetHints":{"allow":["GET"]}}],"collection":[{"href":"http:\/\/wgphoto.pl\/t\/index.php?rest_route=\/wp\/v2\/posts"}],"about":[{"href":"http:\/\/wgphoto.pl\/t\/index.php?rest_route=\/wp\/v2\/types\/post"}],"author":[{"embeddable":true,"href":"http:\/\/wgphoto.pl\/t\/index.php?rest_route=\/wp\/v2\/users\/1"}],"replies":[{"embeddable":true,"href":"http:\/\/wgphoto.pl\/t\/index.php?rest_route=%2Fwp%2Fv2%2Fcomments&post=21089"}],"version-history":[{"count":1,"href":"http:\/\/wgphoto.pl\/t\/index.php?rest_route=\/wp\/v2\/posts\/21089\/revisions"}],"predecessor-version":[{"id":21091,"href":"http:\/\/wgphoto.pl\/t\/index.php?rest_route=\/wp\/v2\/posts\/21089\/revisions\/21091"}],"wp:featuredmedia":[{"embeddable":true,"href":"http:\/\/wgphoto.pl\/t\/index.php?rest_route=\/wp\/v2\/media\/21090"}],"wp:attachment":[{"href":"http:\/\/wgphoto.pl\/t\/index.php?rest_route=%2Fwp%2Fv2%2Fmedia&parent=21089"}],"wp:term":[{"taxonomy":"category","embeddable":true,"href":"http:\/\/wgphoto.pl\/t\/index.php?rest_route=%2Fwp%2Fv2%2Fcategories&post=21089"},{"taxonomy":"post_tag","embeddable":true,"href":"http:\/\/wgphoto.pl\/t\/index.php?rest_route=%2Fwp%2Fv2%2Ftags&post=21089"}],"curies":[{"name":"wp","href":"https:\/\/api.w.org\/{rel}","templated":true}]}}