{"id":2118,"date":"2024-10-08T19:49:42","date_gmt":"2024-10-08T17:49:42","guid":{"rendered":"https:\/\/wgphoto.pl\/t\/?p=2118"},"modified":"2024-10-08T19:49:42","modified_gmt":"2024-10-08T17:49:42","slug":"to-nie-lodz-ino-wroclaw","status":"publish","type":"post","link":"http:\/\/wgphoto.pl\/t\/?p=2118","title":{"rendered":"To nie \u0141\u00f3d\u017a ino Wroc\u0142aw"},"content":{"rendered":"\n<figure class=\"wp-block-image aligncenter size-full\"><img loading=\"lazy\" decoding=\"async\" width=\"1200\" height=\"800\" src=\"https:\/\/wgphoto.pl\/t\/wp-content\/uploads\/2024\/10\/0515-10.jpg\" alt=\"\" class=\"wp-image-2119\" srcset=\"http:\/\/wgphoto.pl\/t\/wp-content\/uploads\/2024\/10\/0515-10.jpg 1200w, http:\/\/wgphoto.pl\/t\/wp-content\/uploads\/2024\/10\/0515-10-300x200.jpg 300w, http:\/\/wgphoto.pl\/t\/wp-content\/uploads\/2024\/10\/0515-10-768x512.jpg 768w\" sizes=\"auto, (max-width: 1200px) 100vw, 1200px\" \/><\/figure>\n\n\n\n<div class=\"wp-block-group has-global-padding is-layout-constrained wp-block-group-is-layout-constrained\">\n<p>Wroc\u0142aw, ul. marsza\u0142ka J\u00f3zefa Pi\u0142sudskiego. Sol\u00f3weczka 2430 mija dworzec g\u0142\u00f3wny, a reklama na tramwaju g\u0142osi: tory na d\u0142ug\u0105 przysz\u0142o\u015b\u0107. We Wroc\u0142awiu chyba nie skorzystano z us\u0142ug MPK \u0141\u00f3d\u017a. 14.07.2005<\/p>\n<\/div>\n","protected":false},"excerpt":{"rendered":"<p>Wroc\u0142aw, ul. marsza\u0142ka J\u00f3zefa Pi\u0142sudskiego. Sol\u00f3weczka 2430 mija dworzec g\u0142\u00f3wny, a reklama na tramwaju g\u0142osi: tory na d\u0142ug\u0105 przysz\u0142o\u015b\u0107. We Wroc\u0142awiu chyba nie skorzystano z us\u0142ug MPK \u0141\u00f3d\u017a. 14.07.2005<\/p>\n","protected":false},"author":1,"featured_media":2119,"comment_status":"open","ping_status":"","sticky":false,"template":"","format":"standard","meta":{"footnotes":""},"categories":[62,311,3],"tags":[155,1107,34,42,27,380,41,180],"class_list":["post-2118","post","type-post","status-publish","format-standard","has-post-thumbnail","hentry","category-analog","category-rok-2005","category-tramwaj","tag-105na","tag-2005-07-14","tag-architektura","tag-mpk-wroclaw","tag-polska","tag-spod-dworca","tag-wroclaw","tag-wroclaw-glowny"],"_links":{"self":[{"href":"http:\/\/wgphoto.pl\/t\/index.php?rest_route=\/wp\/v2\/posts\/2118","targetHints":{"allow":["GET"]}}],"collection":[{"href":"http:\/\/wgphoto.pl\/t\/index.php?rest_route=\/wp\/v2\/posts"}],"about":[{"href":"http:\/\/wgphoto.pl\/t\/index.php?rest_route=\/wp\/v2\/types\/post"}],"author":[{"embeddable":true,"href":"http:\/\/wgphoto.pl\/t\/index.php?rest_route=\/wp\/v2\/users\/1"}],"replies":[{"embeddable":true,"href":"http:\/\/wgphoto.pl\/t\/index.php?rest_route=%2Fwp%2Fv2%2Fcomments&post=2118"}],"version-history":[{"count":1,"href":"http:\/\/wgphoto.pl\/t\/index.php?rest_route=\/wp\/v2\/posts\/2118\/revisions"}],"predecessor-version":[{"id":2120,"href":"http:\/\/wgphoto.pl\/t\/index.php?rest_route=\/wp\/v2\/posts\/2118\/revisions\/2120"}],"wp:featuredmedia":[{"embeddable":true,"href":"http:\/\/wgphoto.pl\/t\/index.php?rest_route=\/wp\/v2\/media\/2119"}],"wp:attachment":[{"href":"http:\/\/wgphoto.pl\/t\/index.php?rest_route=%2Fwp%2Fv2%2Fmedia&parent=2118"}],"wp:term":[{"taxonomy":"category","embeddable":true,"href":"http:\/\/wgphoto.pl\/t\/index.php?rest_route=%2Fwp%2Fv2%2Fcategories&post=2118"},{"taxonomy":"post_tag","embeddable":true,"href":"http:\/\/wgphoto.pl\/t\/index.php?rest_route=%2Fwp%2Fv2%2Ftags&post=2118"}],"curies":[{"name":"wp","href":"https:\/\/api.w.org\/{rel}","templated":true}]}}