{"id":21183,"date":"2025-07-30T00:56:05","date_gmt":"2025-07-29T22:56:05","guid":{"rendered":"https:\/\/wgphoto.pl\/t\/?p=21183"},"modified":"2025-07-30T00:56:05","modified_gmt":"2025-07-29T22:56:05","slug":"ostatnie-hej","status":"publish","type":"post","link":"http:\/\/wgphoto.pl\/t\/?p=21183","title":{"rendered":"Ostatnie hej"},"content":{"rendered":"\n<figure class=\"wp-block-image aligncenter size-full\"><img loading=\"lazy\" decoding=\"async\" width=\"1300\" height=\"861\" src=\"https:\/\/wgphoto.pl\/t\/wp-content\/uploads\/2025\/07\/IMGP6484.jpg\" alt=\"\" class=\"wp-image-21184\" srcset=\"http:\/\/wgphoto.pl\/t\/wp-content\/uploads\/2025\/07\/IMGP6484.jpg 1300w, http:\/\/wgphoto.pl\/t\/wp-content\/uploads\/2025\/07\/IMGP6484-300x199.jpg 300w, http:\/\/wgphoto.pl\/t\/wp-content\/uploads\/2025\/07\/IMGP6484-768x509.jpg 768w\" sizes=\"auto, (max-width: 1300px) 100vw, 1300px\" \/><\/figure>\n\n\n\n<div class=\"wp-block-group has-global-padding is-layout-constrained wp-block-group-is-layout-constrained\">\n<p>Charakterystyczne latarnie i kraw\u0119dzie peronowe b\u0119dzie mo\u017cna pewnie na S\u0142owacji spotka\u0107 jeszcze d\u0142ugo, w przeciwie\u0144stwie do r\u00f3wnie charakterystycznego &#8222;Torn\u00e1da&#8221;. Ostatnia jednostka o numerach 460.043+044 wed\u0142ug internet\u00f3w powiedzia\u0142a ju\u017c swoje ostatnie &#8222;hej&#8221; w regularnym ruchu 11 dni po wykonaniu zdj\u0119cia. Czeka j\u0105 jeszcze oficjalne po\u017cegnanie podczas kolejowej imprezy w Koszycach 25-26.05.2024. Na zdj\u0119ciu odje\u017cd\u017ca ze stacji Kr\u00e1sna nad Horn\u00e1dom jako poci\u0105g osobowy 8527 relacji Pre\u0161ov &#8211; Micha\u013eany. 02.05.2024<\/p>\n<\/div>\n","protected":false},"excerpt":{"rendered":"<p>Charakterystyczne latarnie i kraw\u0119dzie peronowe b\u0119dzie mo\u017cna pewnie na S\u0142owacji spotka\u0107 jeszcze d\u0142ugo, w przeciwie\u0144stwie do r\u00f3wnie charakterystycznego &#8222;Torn\u00e1da&#8221;. Ostatnia jednostka o numerach 460.043+044 wed\u0142ug internet\u00f3w powiedzia\u0142a ju\u017c swoje ostatnie &#8222;hej&#8221; w regularnym ruchu 11 dni po wykonaniu zdj\u0119cia. Czeka j\u0105 jeszcze oficjalne po\u017cegnanie podczas kolejowej imprezy w Koszycach 25-26.05.2024. Na zdj\u0119ciu odje\u017cd\u017ca ze stacji [&hellip;]<\/p>\n","protected":false},"author":1,"featured_media":21184,"comment_status":"open","ping_status":"","sticky":false,"template":"","format":"standard","meta":{"footnotes":""},"categories":[2,5],"tags":[764,1398,173,4392,759,24,675,469],"class_list":["post-21183","post","type-post","status-publish","format-standard","has-post-thumbnail","hentry","category-kolej","category-2024r","tag-2024-05-02","tag-1398","tag-koncowki","tag-krasna-nad-hornadom","tag-majowka-2024","tag-perony","tag-slowacja","tag-zssk"],"_links":{"self":[{"href":"http:\/\/wgphoto.pl\/t\/index.php?rest_route=\/wp\/v2\/posts\/21183","targetHints":{"allow":["GET"]}}],"collection":[{"href":"http:\/\/wgphoto.pl\/t\/index.php?rest_route=\/wp\/v2\/posts"}],"about":[{"href":"http:\/\/wgphoto.pl\/t\/index.php?rest_route=\/wp\/v2\/types\/post"}],"author":[{"embeddable":true,"href":"http:\/\/wgphoto.pl\/t\/index.php?rest_route=\/wp\/v2\/users\/1"}],"replies":[{"embeddable":true,"href":"http:\/\/wgphoto.pl\/t\/index.php?rest_route=%2Fwp%2Fv2%2Fcomments&post=21183"}],"version-history":[{"count":1,"href":"http:\/\/wgphoto.pl\/t\/index.php?rest_route=\/wp\/v2\/posts\/21183\/revisions"}],"predecessor-version":[{"id":21185,"href":"http:\/\/wgphoto.pl\/t\/index.php?rest_route=\/wp\/v2\/posts\/21183\/revisions\/21185"}],"wp:featuredmedia":[{"embeddable":true,"href":"http:\/\/wgphoto.pl\/t\/index.php?rest_route=\/wp\/v2\/media\/21184"}],"wp:attachment":[{"href":"http:\/\/wgphoto.pl\/t\/index.php?rest_route=%2Fwp%2Fv2%2Fmedia&parent=21183"}],"wp:term":[{"taxonomy":"category","embeddable":true,"href":"http:\/\/wgphoto.pl\/t\/index.php?rest_route=%2Fwp%2Fv2%2Fcategories&post=21183"},{"taxonomy":"post_tag","embeddable":true,"href":"http:\/\/wgphoto.pl\/t\/index.php?rest_route=%2Fwp%2Fv2%2Ftags&post=21183"}],"curies":[{"name":"wp","href":"https:\/\/api.w.org\/{rel}","templated":true}]}}