{"id":2121,"date":"2024-10-08T19:51:19","date_gmt":"2024-10-08T17:51:19","guid":{"rendered":"https:\/\/wgphoto.pl\/t\/?p=2121"},"modified":"2024-10-08T19:51:39","modified_gmt":"2024-10-08T17:51:39","slug":"biserica-sfantul-ladislau","status":"publish","type":"post","link":"http:\/\/wgphoto.pl\/t\/?p=2121","title":{"rendered":"Biserica Sf\u00e2ntul Ladislau"},"content":{"rendered":"\n<figure class=\"wp-block-image aligncenter size-full\"><img loading=\"lazy\" decoding=\"async\" width=\"605\" height=\"1000\" src=\"https:\/\/wgphoto.pl\/t\/wp-content\/uploads\/2024\/10\/IMGP6097-2.jpg\" alt=\"\" class=\"wp-image-2122\" srcset=\"http:\/\/wgphoto.pl\/t\/wp-content\/uploads\/2024\/10\/IMGP6097-2.jpg 605w, http:\/\/wgphoto.pl\/t\/wp-content\/uploads\/2024\/10\/IMGP6097-2-182x300.jpg 182w\" sizes=\"auto, (max-width: 605px) 100vw, 605px\" \/><\/figure>\n\n\n\n<div class=\"wp-block-group has-global-padding is-layout-constrained wp-block-group-is-layout-constrained\">\n<p>Oradea, Pia\u021ba Unirii. <em>Tatry<\/em> mijaj\u0105 ko\u015bci\u00f3\u0142 pw. \u015aw. W\u0142adys\u0142awa (w oryginale &#8211; jak w tytule). 21.06.2014<\/p>\n<\/div>\n","protected":false},"excerpt":{"rendered":"<p>Oradea, Pia\u021ba Unirii. Tatry mijaj\u0105 ko\u015bci\u00f3\u0142 pw. \u015aw. W\u0142adys\u0142awa (w oryginale &#8211; jak w tytule). 21.06.2014<\/p>\n","protected":false},"author":1,"featured_media":2122,"comment_status":"open","ping_status":"","sticky":false,"template":"","format":"standard","meta":{"footnotes":""},"categories":[128,48,3],"tags":[1108,34,1109,1110,574,1112],"class_list":["post-2121","post","type-post","status-publish","format-standard","has-post-thumbnail","hentry","category-pionowe","category-rok-2014","category-tramwaj","tag-2014-06-21","tag-architektura","tag-oradea","tag-otl-oradea","tag-rumunia","tag-tatra-t4"],"_links":{"self":[{"href":"http:\/\/wgphoto.pl\/t\/index.php?rest_route=\/wp\/v2\/posts\/2121","targetHints":{"allow":["GET"]}}],"collection":[{"href":"http:\/\/wgphoto.pl\/t\/index.php?rest_route=\/wp\/v2\/posts"}],"about":[{"href":"http:\/\/wgphoto.pl\/t\/index.php?rest_route=\/wp\/v2\/types\/post"}],"author":[{"embeddable":true,"href":"http:\/\/wgphoto.pl\/t\/index.php?rest_route=\/wp\/v2\/users\/1"}],"replies":[{"embeddable":true,"href":"http:\/\/wgphoto.pl\/t\/index.php?rest_route=%2Fwp%2Fv2%2Fcomments&post=2121"}],"version-history":[{"count":1,"href":"http:\/\/wgphoto.pl\/t\/index.php?rest_route=\/wp\/v2\/posts\/2121\/revisions"}],"predecessor-version":[{"id":2123,"href":"http:\/\/wgphoto.pl\/t\/index.php?rest_route=\/wp\/v2\/posts\/2121\/revisions\/2123"}],"wp:featuredmedia":[{"embeddable":true,"href":"http:\/\/wgphoto.pl\/t\/index.php?rest_route=\/wp\/v2\/media\/2122"}],"wp:attachment":[{"href":"http:\/\/wgphoto.pl\/t\/index.php?rest_route=%2Fwp%2Fv2%2Fmedia&parent=2121"}],"wp:term":[{"taxonomy":"category","embeddable":true,"href":"http:\/\/wgphoto.pl\/t\/index.php?rest_route=%2Fwp%2Fv2%2Fcategories&post=2121"},{"taxonomy":"post_tag","embeddable":true,"href":"http:\/\/wgphoto.pl\/t\/index.php?rest_route=%2Fwp%2Fv2%2Ftags&post=2121"}],"curies":[{"name":"wp","href":"https:\/\/api.w.org\/{rel}","templated":true}]}}