{"id":21231,"date":"2025-07-30T01:17:44","date_gmt":"2025-07-29T23:17:44","guid":{"rendered":"https:\/\/wgphoto.pl\/t\/?p=21231"},"modified":"2025-07-30T01:18:10","modified_gmt":"2025-07-29T23:18:10","slug":"ex-niemiec-w-rumunskich-makach","status":"publish","type":"post","link":"http:\/\/wgphoto.pl\/t\/?p=21231","title":{"rendered":"Ex-Niemiec w rumu\u0144skich makach"},"content":{"rendered":"\n<figure class=\"wp-block-image aligncenter size-full\"><img loading=\"lazy\" decoding=\"async\" width=\"1000\" height=\"1000\" src=\"https:\/\/wgphoto.pl\/t\/wp-content\/uploads\/2025\/07\/IMGP7665.jpg\" alt=\"\" class=\"wp-image-21232\" srcset=\"http:\/\/wgphoto.pl\/t\/wp-content\/uploads\/2025\/07\/IMGP7665.jpg 1000w, http:\/\/wgphoto.pl\/t\/wp-content\/uploads\/2025\/07\/IMGP7665-300x300.jpg 300w, http:\/\/wgphoto.pl\/t\/wp-content\/uploads\/2025\/07\/IMGP7665-150x150.jpg 150w, http:\/\/wgphoto.pl\/t\/wp-content\/uploads\/2025\/07\/IMGP7665-768x768.jpg 768w\" sizes=\"auto, (max-width: 1000px) 100vw, 1000px\" \/><\/figure>\n\n\n\n<div class=\"wp-block-group has-global-padding is-layout-constrained wp-block-group-is-layout-constrained\">\n<p>Poci\u0105g R11183 relacji Timi\u0219oara Nord &#8211; S\u00e2nnicolau Mare odjecha\u0142 z przystanku Tomnaticu, zagubionego na r\u00f3wninie Banatu. Spalinow\u0105 jednostk\u0119 oznacz\u0119 sobie na razie jako VT2E-18, gdy\u017c taki numer widnieje na czole, jest to jednak nomenklatura poprzedniego w\u0142a\u015bciciela &#8211; niemieckiego HLB. Rumu\u0144skich numer\u00f3w ani nawet numeru serii nie uda\u0142o mi si\u0119 jeszcze odnale\u017a\u0107, jest to bowiem dosy\u0107 nowy, najpewniej zesz\u0142oroczny zakup, wi\u0119c internety nie podaj\u0105 zbyt wiele informacji. 23.05.2024<\/p>\n<\/div>\n","protected":false},"excerpt":{"rendered":"<p>Poci\u0105g R11183 relacji Timi\u0219oara Nord &#8211; S\u00e2nnicolau Mare odjecha\u0142 z przystanku Tomnaticu, zagubionego na r\u00f3wninie Banatu. Spalinow\u0105 jednostk\u0119 oznacz\u0119 sobie na razie jako VT2E-18, gdy\u017c taki numer widnieje na czole, jest to jednak nomenklatura poprzedniego w\u0142a\u015bciciela &#8211; niemieckiego HLB. Rumu\u0144skich numer\u00f3w ani nawet numeru serii nie uda\u0142o mi si\u0119 jeszcze odnale\u017a\u0107, jest to bowiem dosy\u0107 [&hellip;]<\/p>\n","protected":false},"author":1,"featured_media":21232,"comment_status":"open","ping_status":"","sticky":false,"template":"","format":"standard","meta":{"footnotes":""},"categories":[2,5],"tags":[2588,1248,173,2439,574,223,4397,3732,294],"class_list":["post-21231","post","type-post","status-publish","format-standard","has-post-thumbnail","hentry","category-kolej","category-2024r","tag-2024-05-23","tag-druga-majowka-2024","tag-koncowki","tag-regio-calatori","tag-rumunia","tag-symetria","tag-tomnaticu","tag-vt2e","tag-wiosna"],"_links":{"self":[{"href":"http:\/\/wgphoto.pl\/t\/index.php?rest_route=\/wp\/v2\/posts\/21231","targetHints":{"allow":["GET"]}}],"collection":[{"href":"http:\/\/wgphoto.pl\/t\/index.php?rest_route=\/wp\/v2\/posts"}],"about":[{"href":"http:\/\/wgphoto.pl\/t\/index.php?rest_route=\/wp\/v2\/types\/post"}],"author":[{"embeddable":true,"href":"http:\/\/wgphoto.pl\/t\/index.php?rest_route=\/wp\/v2\/users\/1"}],"replies":[{"embeddable":true,"href":"http:\/\/wgphoto.pl\/t\/index.php?rest_route=%2Fwp%2Fv2%2Fcomments&post=21231"}],"version-history":[{"count":1,"href":"http:\/\/wgphoto.pl\/t\/index.php?rest_route=\/wp\/v2\/posts\/21231\/revisions"}],"predecessor-version":[{"id":21233,"href":"http:\/\/wgphoto.pl\/t\/index.php?rest_route=\/wp\/v2\/posts\/21231\/revisions\/21233"}],"wp:featuredmedia":[{"embeddable":true,"href":"http:\/\/wgphoto.pl\/t\/index.php?rest_route=\/wp\/v2\/media\/21232"}],"wp:attachment":[{"href":"http:\/\/wgphoto.pl\/t\/index.php?rest_route=%2Fwp%2Fv2%2Fmedia&parent=21231"}],"wp:term":[{"taxonomy":"category","embeddable":true,"href":"http:\/\/wgphoto.pl\/t\/index.php?rest_route=%2Fwp%2Fv2%2Fcategories&post=21231"},{"taxonomy":"post_tag","embeddable":true,"href":"http:\/\/wgphoto.pl\/t\/index.php?rest_route=%2Fwp%2Fv2%2Ftags&post=21231"}],"curies":[{"name":"wp","href":"https:\/\/api.w.org\/{rel}","templated":true}]}}