{"id":21249,"date":"2025-07-30T11:08:25","date_gmt":"2025-07-30T09:08:25","guid":{"rendered":"https:\/\/wgphoto.pl\/t\/?p=21249"},"modified":"2025-07-30T11:08:25","modified_gmt":"2025-07-30T09:08:25","slug":"portret-z-gorki","status":"publish","type":"post","link":"http:\/\/wgphoto.pl\/t\/?p=21249","title":{"rendered":"Portret z g\u00f3rki"},"content":{"rendered":"\n<figure class=\"wp-block-image aligncenter size-full\"><img loading=\"lazy\" decoding=\"async\" width=\"700\" height=\"1057\" src=\"https:\/\/wgphoto.pl\/t\/wp-content\/uploads\/2025\/07\/0327-14_rsn.jpg\" alt=\"\" class=\"wp-image-21250\" srcset=\"http:\/\/wgphoto.pl\/t\/wp-content\/uploads\/2025\/07\/0327-14_rsn.jpg 700w, http:\/\/wgphoto.pl\/t\/wp-content\/uploads\/2025\/07\/0327-14_rsn-199x300.jpg 199w\" sizes=\"auto, (max-width: 700px) 100vw, 700px\" \/><\/figure>\n\n\n\n<div class=\"wp-block-group has-global-padding is-layout-constrained wp-block-group-is-layout-constrained\">\n<p>Wroc\u0142aw, p\u0119tla Opor\u00f3w, 105Na 2266+2238. Czasem motorniczy wola\u0142 je\u017adzi\u0107 na tylnym pantografie ni\u017c je zamienia\u0107 przy zmianie kierunku na pl. Legion\u00f3w. 29.07.2003<\/p>\n<\/div>\n","protected":false},"excerpt":{"rendered":"<p>Wroc\u0142aw, p\u0119tla Opor\u00f3w, 105Na 2266+2238. Czasem motorniczy wola\u0142 je\u017adzi\u0107 na tylnym pantografie ni\u017c je zamienia\u0107 przy zmianie kierunku na pl. Legion\u00f3w. 29.07.2003<\/p>\n","protected":false},"author":1,"featured_media":21250,"comment_status":"open","ping_status":"","sticky":false,"template":"","format":"standard","meta":{"footnotes":""},"categories":[62,128,149,3],"tags":[155,1349,42,27,1990,41],"class_list":["post-21249","post","type-post","status-publish","format-standard","has-post-thumbnail","hentry","category-analog","category-pionowe","category-rok-2003","category-tramwaj","tag-105na","tag-2003-07-29","tag-mpk-wroclaw","tag-polska","tag-ruch-wahadlowy","tag-wroclaw"],"_links":{"self":[{"href":"http:\/\/wgphoto.pl\/t\/index.php?rest_route=\/wp\/v2\/posts\/21249","targetHints":{"allow":["GET"]}}],"collection":[{"href":"http:\/\/wgphoto.pl\/t\/index.php?rest_route=\/wp\/v2\/posts"}],"about":[{"href":"http:\/\/wgphoto.pl\/t\/index.php?rest_route=\/wp\/v2\/types\/post"}],"author":[{"embeddable":true,"href":"http:\/\/wgphoto.pl\/t\/index.php?rest_route=\/wp\/v2\/users\/1"}],"replies":[{"embeddable":true,"href":"http:\/\/wgphoto.pl\/t\/index.php?rest_route=%2Fwp%2Fv2%2Fcomments&post=21249"}],"version-history":[{"count":1,"href":"http:\/\/wgphoto.pl\/t\/index.php?rest_route=\/wp\/v2\/posts\/21249\/revisions"}],"predecessor-version":[{"id":21251,"href":"http:\/\/wgphoto.pl\/t\/index.php?rest_route=\/wp\/v2\/posts\/21249\/revisions\/21251"}],"wp:featuredmedia":[{"embeddable":true,"href":"http:\/\/wgphoto.pl\/t\/index.php?rest_route=\/wp\/v2\/media\/21250"}],"wp:attachment":[{"href":"http:\/\/wgphoto.pl\/t\/index.php?rest_route=%2Fwp%2Fv2%2Fmedia&parent=21249"}],"wp:term":[{"taxonomy":"category","embeddable":true,"href":"http:\/\/wgphoto.pl\/t\/index.php?rest_route=%2Fwp%2Fv2%2Fcategories&post=21249"},{"taxonomy":"post_tag","embeddable":true,"href":"http:\/\/wgphoto.pl\/t\/index.php?rest_route=%2Fwp%2Fv2%2Ftags&post=21249"}],"curies":[{"name":"wp","href":"https:\/\/api.w.org\/{rel}","templated":true}]}}