{"id":21350,"date":"2025-07-31T14:55:34","date_gmt":"2025-07-31T12:55:34","guid":{"rendered":"https:\/\/wgphoto.pl\/t\/?p=21350"},"modified":"2025-07-31T14:55:34","modified_gmt":"2025-07-31T12:55:34","slug":"sp32-071-gluszyca","status":"publish","type":"post","link":"http:\/\/wgphoto.pl\/t\/?p=21350","title":{"rendered":"SP32-071, G\u0142uszyca"},"content":{"rendered":"\n<figure class=\"wp-block-image aligncenter size-full\"><img loading=\"lazy\" decoding=\"async\" width=\"1299\" height=\"812\" src=\"https:\/\/wgphoto.pl\/t\/wp-content\/uploads\/2025\/07\/0408-11_rsn.jpg\" alt=\"\" class=\"wp-image-21351\" srcset=\"http:\/\/wgphoto.pl\/t\/wp-content\/uploads\/2025\/07\/0408-11_rsn.jpg 1299w, http:\/\/wgphoto.pl\/t\/wp-content\/uploads\/2025\/07\/0408-11_rsn-300x188.jpg 300w, http:\/\/wgphoto.pl\/t\/wp-content\/uploads\/2025\/07\/0408-11_rsn-768x480.jpg 768w\" sizes=\"auto, (max-width: 1299px) 100vw, 1299px\" \/><\/figure>\n\n\n\n<div class=\"wp-block-group has-global-padding is-layout-constrained wp-block-group-is-layout-constrained\">\n<p>SP32-071 z poci\u0105giem osobowym 8033 relacji K\u0142odzko G\u0142. &#8211; Wa\u0142brzych G\u0142. odje\u017cd\u017ca z G\u0142uszycy. 10.06.2004<\/p>\n<\/div>\n","protected":false},"excerpt":{"rendered":"<p>SP32-071 z poci\u0105giem osobowym 8033 relacji K\u0142odzko G\u0142. &#8211; Wa\u0142brzych G\u0142. odje\u017cd\u017ca z G\u0142uszycy. 10.06.2004<\/p>\n","protected":false},"author":1,"featured_media":21351,"comment_status":"open","ping_status":"","sticky":false,"template":"","format":"standard","meta":{"footnotes":""},"categories":[62,2,61],"tags":[4420,1922,63,27,385,391],"class_list":["post-21350","post","type-post","status-publish","format-standard","has-post-thumbnail","hentry","category-analog","category-kolej","category-rok-2004","tag-2004-06-10","tag-gluszyca","tag-pkp","tag-polska","tag-sp32","tag-tab-pl245"],"_links":{"self":[{"href":"http:\/\/wgphoto.pl\/t\/index.php?rest_route=\/wp\/v2\/posts\/21350","targetHints":{"allow":["GET"]}}],"collection":[{"href":"http:\/\/wgphoto.pl\/t\/index.php?rest_route=\/wp\/v2\/posts"}],"about":[{"href":"http:\/\/wgphoto.pl\/t\/index.php?rest_route=\/wp\/v2\/types\/post"}],"author":[{"embeddable":true,"href":"http:\/\/wgphoto.pl\/t\/index.php?rest_route=\/wp\/v2\/users\/1"}],"replies":[{"embeddable":true,"href":"http:\/\/wgphoto.pl\/t\/index.php?rest_route=%2Fwp%2Fv2%2Fcomments&post=21350"}],"version-history":[{"count":1,"href":"http:\/\/wgphoto.pl\/t\/index.php?rest_route=\/wp\/v2\/posts\/21350\/revisions"}],"predecessor-version":[{"id":21352,"href":"http:\/\/wgphoto.pl\/t\/index.php?rest_route=\/wp\/v2\/posts\/21350\/revisions\/21352"}],"wp:featuredmedia":[{"embeddable":true,"href":"http:\/\/wgphoto.pl\/t\/index.php?rest_route=\/wp\/v2\/media\/21351"}],"wp:attachment":[{"href":"http:\/\/wgphoto.pl\/t\/index.php?rest_route=%2Fwp%2Fv2%2Fmedia&parent=21350"}],"wp:term":[{"taxonomy":"category","embeddable":true,"href":"http:\/\/wgphoto.pl\/t\/index.php?rest_route=%2Fwp%2Fv2%2Fcategories&post=21350"},{"taxonomy":"post_tag","embeddable":true,"href":"http:\/\/wgphoto.pl\/t\/index.php?rest_route=%2Fwp%2Fv2%2Ftags&post=21350"}],"curies":[{"name":"wp","href":"https:\/\/api.w.org\/{rel}","templated":true}]}}