{"id":21392,"date":"2025-07-31T15:10:49","date_gmt":"2025-07-31T13:10:49","guid":{"rendered":"https:\/\/wgphoto.pl\/t\/?p=21392"},"modified":"2025-07-31T15:10:49","modified_gmt":"2025-07-31T13:10:49","slug":"skoda-na-szkodach","status":"publish","type":"post","link":"http:\/\/wgphoto.pl\/t\/?p=21392","title":{"rendered":"\u0160koda na szkodach"},"content":{"rendered":"\n<figure class=\"wp-block-image aligncenter size-full\"><img loading=\"lazy\" decoding=\"async\" width=\"1300\" height=\"861\" src=\"https:\/\/wgphoto.pl\/t\/wp-content\/uploads\/2025\/07\/IMGP8214.jpg\" alt=\"\" class=\"wp-image-21393\" srcset=\"http:\/\/wgphoto.pl\/t\/wp-content\/uploads\/2025\/07\/IMGP8214.jpg 1300w, http:\/\/wgphoto.pl\/t\/wp-content\/uploads\/2025\/07\/IMGP8214-300x199.jpg 300w, http:\/\/wgphoto.pl\/t\/wp-content\/uploads\/2025\/07\/IMGP8214-768x509.jpg 768w\" sizes=\"auto, (max-width: 1300px) 100vw, 1300px\" \/><\/figure>\n\n\n\n<div class=\"wp-block-group has-global-padding is-layout-constrained wp-block-group-is-layout-constrained\">\n<p>151.008 z rychlikiem 348 &#8222;Kysu\u010dan&#8221; z \u017byliny do Ostravy-Svinov mija szkody g\u00f3rnicze w rejonie \u0141\u0105k nad Olz\u0105. Na pierwszym planie znalaz\u0142 si\u0119 staw powsta\u0142y w zapadlisku wraz z pniami zatopionych drzew. Po wysoko\u015bci nasypu dobrze te\u017c wida\u0107, o ile trzeba tu by\u0142o podnie\u015b\u0107 teren. 15.06.2024<\/p>\n<\/div>\n","protected":false},"excerpt":{"rendered":"<p>151.008 z rychlikiem 348 &#8222;Kysu\u010dan&#8221; z \u017byliny do Ostravy-Svinov mija szkody g\u00f3rnicze w rejonie \u0141\u0105k nad Olz\u0105. Na pierwszym planie znalaz\u0142 si\u0119 staw powsta\u0142y w zapadlisku wraz z pniami zatopionych drzew. Po wysoko\u015bci nasypu dobrze te\u017c wida\u0107, o ile trzeba tu by\u0142o podnie\u015b\u0107 teren. 15.06.2024<\/p>\n","protected":false},"author":1,"featured_media":21393,"comment_status":"open","ping_status":"","sticky":false,"template":"","format":"standard","meta":{"footnotes":""},"categories":[2,5],"tags":[1966,4428,50,49,4430,3347],"class_list":["post-21392","post","type-post","status-publish","format-standard","has-post-thumbnail","hentry","category-kolej","category-2024r","tag-1966","tag-2024-06-15","tag-cd","tag-czechy","tag-louky-nad-olsi","tag-tab-cz320"],"_links":{"self":[{"href":"http:\/\/wgphoto.pl\/t\/index.php?rest_route=\/wp\/v2\/posts\/21392","targetHints":{"allow":["GET"]}}],"collection":[{"href":"http:\/\/wgphoto.pl\/t\/index.php?rest_route=\/wp\/v2\/posts"}],"about":[{"href":"http:\/\/wgphoto.pl\/t\/index.php?rest_route=\/wp\/v2\/types\/post"}],"author":[{"embeddable":true,"href":"http:\/\/wgphoto.pl\/t\/index.php?rest_route=\/wp\/v2\/users\/1"}],"replies":[{"embeddable":true,"href":"http:\/\/wgphoto.pl\/t\/index.php?rest_route=%2Fwp%2Fv2%2Fcomments&post=21392"}],"version-history":[{"count":1,"href":"http:\/\/wgphoto.pl\/t\/index.php?rest_route=\/wp\/v2\/posts\/21392\/revisions"}],"predecessor-version":[{"id":21394,"href":"http:\/\/wgphoto.pl\/t\/index.php?rest_route=\/wp\/v2\/posts\/21392\/revisions\/21394"}],"wp:featuredmedia":[{"embeddable":true,"href":"http:\/\/wgphoto.pl\/t\/index.php?rest_route=\/wp\/v2\/media\/21393"}],"wp:attachment":[{"href":"http:\/\/wgphoto.pl\/t\/index.php?rest_route=%2Fwp%2Fv2%2Fmedia&parent=21392"}],"wp:term":[{"taxonomy":"category","embeddable":true,"href":"http:\/\/wgphoto.pl\/t\/index.php?rest_route=%2Fwp%2Fv2%2Fcategories&post=21392"},{"taxonomy":"post_tag","embeddable":true,"href":"http:\/\/wgphoto.pl\/t\/index.php?rest_route=%2Fwp%2Fv2%2Ftags&post=21392"}],"curies":[{"name":"wp","href":"https:\/\/api.w.org\/{rel}","templated":true}]}}