{"id":21419,"date":"2025-07-31T21:33:35","date_gmt":"2025-07-31T19:33:35","guid":{"rendered":"https:\/\/wgphoto.pl\/t\/?p=21419"},"modified":"2025-07-31T21:33:35","modified_gmt":"2025-07-31T19:33:35","slug":"dziewczyny-lubia-braz","status":"publish","type":"post","link":"http:\/\/wgphoto.pl\/t\/?p=21419","title":{"rendered":"Dziewczyny lubi\u0105 br\u0105z"},"content":{"rendered":"\n<figure class=\"wp-block-image aligncenter size-full\"><img loading=\"lazy\" decoding=\"async\" width=\"1300\" height=\"870\" src=\"https:\/\/wgphoto.pl\/t\/wp-content\/uploads\/2025\/07\/IMGP7787-1.jpg\" alt=\"\" class=\"wp-image-21420\" srcset=\"http:\/\/wgphoto.pl\/t\/wp-content\/uploads\/2025\/07\/IMGP7787-1.jpg 1300w, http:\/\/wgphoto.pl\/t\/wp-content\/uploads\/2025\/07\/IMGP7787-1-300x201.jpg 300w, http:\/\/wgphoto.pl\/t\/wp-content\/uploads\/2025\/07\/IMGP7787-1-768x514.jpg 768w\" sizes=\"auto, (max-width: 1300px) 100vw, 1300px\" \/><\/figure>\n\n\n\n<div class=\"wp-block-group has-global-padding is-layout-constrained wp-block-group-is-layout-constrained\">\n<p>Plech\u00e1\u010d 242.273 w wyj\u0105tkowych barwach (jedyny taki) z osobowym 4949 Ti\u0161nov &#8211; Vranovice w ciasnych peronach dworca g\u0142\u00f3wnego w Brnie. 22.07.2009<\/p>\n<\/div>\n","protected":false},"excerpt":{"rendered":"<p>Plech\u00e1\u010d 242.273 w wyj\u0105tkowych barwach (jedyny taki) z osobowym 4949 Ti\u0161nov &#8211; Vranovice w ciasnych peronach dworca g\u0142\u00f3wnego w Brnie. 22.07.2009<\/p>\n","protected":false},"author":1,"featured_media":21420,"comment_status":"open","ping_status":"","sticky":false,"template":"","format":"standard","meta":{"footnotes":""},"categories":[2,169],"tags":[340,305,328,327,50,49,24],"class_list":["post-21419","post","type-post","status-publish","format-standard","has-post-thumbnail","hentry","category-kolej","category-rok-2009","tag-2009-07-22","tag-305","tag-brno","tag-brno-hlavni-nadrazi","tag-cd","tag-czechy","tag-perony"],"_links":{"self":[{"href":"http:\/\/wgphoto.pl\/t\/index.php?rest_route=\/wp\/v2\/posts\/21419","targetHints":{"allow":["GET"]}}],"collection":[{"href":"http:\/\/wgphoto.pl\/t\/index.php?rest_route=\/wp\/v2\/posts"}],"about":[{"href":"http:\/\/wgphoto.pl\/t\/index.php?rest_route=\/wp\/v2\/types\/post"}],"author":[{"embeddable":true,"href":"http:\/\/wgphoto.pl\/t\/index.php?rest_route=\/wp\/v2\/users\/1"}],"replies":[{"embeddable":true,"href":"http:\/\/wgphoto.pl\/t\/index.php?rest_route=%2Fwp%2Fv2%2Fcomments&post=21419"}],"version-history":[{"count":1,"href":"http:\/\/wgphoto.pl\/t\/index.php?rest_route=\/wp\/v2\/posts\/21419\/revisions"}],"predecessor-version":[{"id":21421,"href":"http:\/\/wgphoto.pl\/t\/index.php?rest_route=\/wp\/v2\/posts\/21419\/revisions\/21421"}],"wp:featuredmedia":[{"embeddable":true,"href":"http:\/\/wgphoto.pl\/t\/index.php?rest_route=\/wp\/v2\/media\/21420"}],"wp:attachment":[{"href":"http:\/\/wgphoto.pl\/t\/index.php?rest_route=%2Fwp%2Fv2%2Fmedia&parent=21419"}],"wp:term":[{"taxonomy":"category","embeddable":true,"href":"http:\/\/wgphoto.pl\/t\/index.php?rest_route=%2Fwp%2Fv2%2Fcategories&post=21419"},{"taxonomy":"post_tag","embeddable":true,"href":"http:\/\/wgphoto.pl\/t\/index.php?rest_route=%2Fwp%2Fv2%2Ftags&post=21419"}],"curies":[{"name":"wp","href":"https:\/\/api.w.org\/{rel}","templated":true}]}}