{"id":21425,"date":"2025-07-31T21:36:11","date_gmt":"2025-07-31T19:36:11","guid":{"rendered":"https:\/\/wgphoto.pl\/t\/?p=21425"},"modified":"2025-07-31T21:36:11","modified_gmt":"2025-07-31T19:36:11","slug":"gt6zr-78","status":"publish","type":"post","link":"http:\/\/wgphoto.pl\/t\/?p=21425","title":{"rendered":"GT6ZR 78"},"content":{"rendered":"\n<figure class=\"wp-block-image aligncenter size-full\"><img loading=\"lazy\" decoding=\"async\" width=\"1300\" height=\"871\" src=\"https:\/\/wgphoto.pl\/t\/wp-content\/uploads\/2025\/07\/0302-12_rsn.jpg\" alt=\"\" class=\"wp-image-21426\" srcset=\"http:\/\/wgphoto.pl\/t\/wp-content\/uploads\/2025\/07\/0302-12_rsn.jpg 1300w, http:\/\/wgphoto.pl\/t\/wp-content\/uploads\/2025\/07\/0302-12_rsn-300x201.jpg 300w, http:\/\/wgphoto.pl\/t\/wp-content\/uploads\/2025\/07\/0302-12_rsn-768x515.jpg 768w\" sizes=\"auto, (max-width: 1300px) 100vw, 1300px\" \/><\/figure>\n\n\n\n<div class=\"wp-block-group has-global-padding is-layout-constrained wp-block-group-is-layout-constrained\">\n<p>Grudzi\u0105dz, p\u0119tla Rz\u0105dz, GT6ZR 78. Tytu\u0142owy wagon w swoim \u017cyciu zwiedzi\u0142 cztery sieci tramwajowe: Hagen (1962-1975), W\u00fcrzburg (1975-2000), Grudzi\u0105dz (2000-2010) i \u0141\u00f3d\u017a (do 2015). 05.02.2003<\/p>\n<\/div>\n","protected":false},"excerpt":{"rendered":"<p>Grudzi\u0105dz, p\u0119tla Rz\u0105dz, GT6ZR 78. Tytu\u0142owy wagon w swoim \u017cyciu zwiedzi\u0142 cztery sieci tramwajowe: Hagen (1962-1975), W\u00fcrzburg (1975-2000), Grudzi\u0105dz (2000-2010) i \u0141\u00f3d\u017a (do 2015). 05.02.2003<\/p>\n","protected":false},"author":1,"featured_media":21426,"comment_status":"open","ping_status":"","sticky":false,"template":"","format":"standard","meta":{"footnotes":""},"categories":[62,149,3],"tags":[910,91,915,101,821,914,27,438,176,44],"class_list":["post-21425","post","type-post","status-publish","format-standard","has-post-thumbnail","hentry","category-analog","category-rok-2003","category-tramwaj","tag-2003-02-05","tag-blue-hour","tag-grudziadz","tag-gt6","tag-mgla","tag-mzk-grudziadz","tag-polska","tag-portret-z-petli","tag-rano","tag-snieg"],"_links":{"self":[{"href":"http:\/\/wgphoto.pl\/t\/index.php?rest_route=\/wp\/v2\/posts\/21425","targetHints":{"allow":["GET"]}}],"collection":[{"href":"http:\/\/wgphoto.pl\/t\/index.php?rest_route=\/wp\/v2\/posts"}],"about":[{"href":"http:\/\/wgphoto.pl\/t\/index.php?rest_route=\/wp\/v2\/types\/post"}],"author":[{"embeddable":true,"href":"http:\/\/wgphoto.pl\/t\/index.php?rest_route=\/wp\/v2\/users\/1"}],"replies":[{"embeddable":true,"href":"http:\/\/wgphoto.pl\/t\/index.php?rest_route=%2Fwp%2Fv2%2Fcomments&post=21425"}],"version-history":[{"count":1,"href":"http:\/\/wgphoto.pl\/t\/index.php?rest_route=\/wp\/v2\/posts\/21425\/revisions"}],"predecessor-version":[{"id":21427,"href":"http:\/\/wgphoto.pl\/t\/index.php?rest_route=\/wp\/v2\/posts\/21425\/revisions\/21427"}],"wp:featuredmedia":[{"embeddable":true,"href":"http:\/\/wgphoto.pl\/t\/index.php?rest_route=\/wp\/v2\/media\/21426"}],"wp:attachment":[{"href":"http:\/\/wgphoto.pl\/t\/index.php?rest_route=%2Fwp%2Fv2%2Fmedia&parent=21425"}],"wp:term":[{"taxonomy":"category","embeddable":true,"href":"http:\/\/wgphoto.pl\/t\/index.php?rest_route=%2Fwp%2Fv2%2Fcategories&post=21425"},{"taxonomy":"post_tag","embeddable":true,"href":"http:\/\/wgphoto.pl\/t\/index.php?rest_route=%2Fwp%2Fv2%2Ftags&post=21425"}],"curies":[{"name":"wp","href":"https:\/\/api.w.org\/{rel}","templated":true}]}}