{"id":21443,"date":"2025-07-31T21:41:52","date_gmt":"2025-07-31T19:41:52","guid":{"rendered":"https:\/\/wgphoto.pl\/t\/?p=21443"},"modified":"2025-07-31T21:41:52","modified_gmt":"2025-07-31T19:41:52","slug":"ostatnie-zdjecie-w-xx-wieku","status":"publish","type":"post","link":"http:\/\/wgphoto.pl\/t\/?p=21443","title":{"rendered":"Ostatnie zdj\u0119cie w XX wieku"},"content":{"rendered":"\n<figure class=\"wp-block-image aligncenter size-full\"><img loading=\"lazy\" decoding=\"async\" width=\"1299\" height=\"833\" src=\"https:\/\/wgphoto.pl\/t\/wp-content\/uploads\/2025\/07\/2000o_2001a-17_rsn.jpg\" alt=\"\" class=\"wp-image-21444\" srcset=\"http:\/\/wgphoto.pl\/t\/wp-content\/uploads\/2025\/07\/2000o_2001a-17_rsn.jpg 1299w, http:\/\/wgphoto.pl\/t\/wp-content\/uploads\/2025\/07\/2000o_2001a-17_rsn-300x192.jpg 300w, http:\/\/wgphoto.pl\/t\/wp-content\/uploads\/2025\/07\/2000o_2001a-17_rsn-768x492.jpg 768w\" sizes=\"auto, (max-width: 1299px) 100vw, 1299px\" \/><\/figure>\n\n\n\n<div class=\"wp-block-group has-global-padding is-layout-constrained wp-block-group-is-layout-constrained\">\n<p>SP42-001 z poci\u0105giem osobowym 7725 relacji Lubawka &#8211; Jelenia G\u00f3ra (\u0142\u0105cznic\u0105 Kru\u017cyn &#8211; Marcisz\u00f3w G\u00f3rny) wyje\u017cd\u017ca z Kamiennej G\u00f3ry. Tytu\u0142 zdj\u0119cia stanowi tre\u015b\u0107 dumnej uwagi, jak\u0105 umie\u015bci\u0142em na odwrocie odbitki. \ud83d\ude09 Dodam jeszcze, \u017ce foto na prawo od lokomotywy by\u0142o mocno prze\u015bwietlone w wyniku niedoskona\u0142o\u015bci zenitowej migawki. By\u0107 mo\u017ce mask\u0119 podczas obr\u00f3bki mo\u017cna by\u0142o na\u0142o\u017cy\u0107 precyzyjniej, ale z tego si\u0119 nie strzela. 30.12.2000<\/p>\n<\/div>\n","protected":false},"excerpt":{"rendered":"<p>SP42-001 z poci\u0105giem osobowym 7725 relacji Lubawka &#8211; Jelenia G\u00f3ra (\u0142\u0105cznic\u0105 Kru\u017cyn &#8211; Marcisz\u00f3w G\u00f3rny) wyje\u017cd\u017ca z Kamiennej G\u00f3ry. Tytu\u0142 zdj\u0119cia stanowi tre\u015b\u0107 dumnej uwagi, jak\u0105 umie\u015bci\u0142em na odwrocie odbitki. \ud83d\ude09 Dodam jeszcze, \u017ce foto na prawo od lokomotywy by\u0142o mocno prze\u015bwietlone w wyniku niedoskona\u0142o\u015bci zenitowej migawki. By\u0107 mo\u017ce mask\u0119 podczas obr\u00f3bki mo\u017cna by\u0142o na\u0142o\u017cy\u0107 [&hellip;]<\/p>\n","protected":false},"author":1,"featured_media":21444,"comment_status":"open","ping_status":"","sticky":false,"template":"","format":"standard","meta":{"footnotes":""},"categories":[62,2,1099],"tags":[4435,629,63,27,44,316,627],"class_list":["post-21443","post","type-post","status-publish","format-standard","has-post-thumbnail","hentry","category-analog","category-kolej","category-rok-2000","tag-2000-12-30","tag-kamienna-gora","tag-pkp","tag-polska","tag-snieg","tag-sp42","tag-tab-pl247"],"_links":{"self":[{"href":"http:\/\/wgphoto.pl\/t\/index.php?rest_route=\/wp\/v2\/posts\/21443","targetHints":{"allow":["GET"]}}],"collection":[{"href":"http:\/\/wgphoto.pl\/t\/index.php?rest_route=\/wp\/v2\/posts"}],"about":[{"href":"http:\/\/wgphoto.pl\/t\/index.php?rest_route=\/wp\/v2\/types\/post"}],"author":[{"embeddable":true,"href":"http:\/\/wgphoto.pl\/t\/index.php?rest_route=\/wp\/v2\/users\/1"}],"replies":[{"embeddable":true,"href":"http:\/\/wgphoto.pl\/t\/index.php?rest_route=%2Fwp%2Fv2%2Fcomments&post=21443"}],"version-history":[{"count":1,"href":"http:\/\/wgphoto.pl\/t\/index.php?rest_route=\/wp\/v2\/posts\/21443\/revisions"}],"predecessor-version":[{"id":21445,"href":"http:\/\/wgphoto.pl\/t\/index.php?rest_route=\/wp\/v2\/posts\/21443\/revisions\/21445"}],"wp:featuredmedia":[{"embeddable":true,"href":"http:\/\/wgphoto.pl\/t\/index.php?rest_route=\/wp\/v2\/media\/21444"}],"wp:attachment":[{"href":"http:\/\/wgphoto.pl\/t\/index.php?rest_route=%2Fwp%2Fv2%2Fmedia&parent=21443"}],"wp:term":[{"taxonomy":"category","embeddable":true,"href":"http:\/\/wgphoto.pl\/t\/index.php?rest_route=%2Fwp%2Fv2%2Fcategories&post=21443"},{"taxonomy":"post_tag","embeddable":true,"href":"http:\/\/wgphoto.pl\/t\/index.php?rest_route=%2Fwp%2Fv2%2Ftags&post=21443"}],"curies":[{"name":"wp","href":"https:\/\/api.w.org\/{rel}","templated":true}]}}