{"id":21478,"date":"2025-08-04T19:55:14","date_gmt":"2025-08-04T17:55:14","guid":{"rendered":"https:\/\/wgphoto.pl\/t\/?p=21478"},"modified":"2025-08-04T19:55:14","modified_gmt":"2025-08-04T17:55:14","slug":"nowy-tramwaj-na-nowej-trasie","status":"publish","type":"post","link":"http:\/\/wgphoto.pl\/t\/?p=21478","title":{"rendered":"Nowy tramwaj na nowej trasie"},"content":{"rendered":"\n<figure class=\"wp-block-image aligncenter size-full\"><img loading=\"lazy\" decoding=\"async\" width=\"1400\" height=\"927\" src=\"https:\/\/wgphoto.pl\/t\/wp-content\/uploads\/2025\/08\/0418-29_rsn.jpg\" alt=\"\" class=\"wp-image-21479\" srcset=\"http:\/\/wgphoto.pl\/t\/wp-content\/uploads\/2025\/08\/0418-29_rsn.jpg 1400w, http:\/\/wgphoto.pl\/t\/wp-content\/uploads\/2025\/08\/0418-29_rsn-300x199.jpg 300w, http:\/\/wgphoto.pl\/t\/wp-content\/uploads\/2025\/08\/0418-29_rsn-768x509.jpg 768w\" sizes=\"auto, (max-width: 1400px) 100vw, 1400px\" \/><\/figure>\n\n\n\n<div class=\"wp-block-group has-global-padding is-layout-constrained wp-block-group-is-layout-constrained\">\n<p>Krak\u00f3w, ul. Nowos\u0105decka. NGT6Kr 2004 z 2000 roku przemierza tras\u0119 na Kurdwan\u00f3w (a konkretniej z) uruchomion\u0105 w tym samym roku. 04.08.2004<\/p>\n<\/div>\n","protected":false},"excerpt":{"rendered":"<p>Krak\u00f3w, ul. Nowos\u0105decka. NGT6Kr 2004 z 2000 roku przemierza tras\u0119 na Kurdwan\u00f3w (a konkretniej z) uruchomion\u0105 w tym samym roku. 04.08.2004<\/p>\n","protected":false},"author":1,"featured_media":21479,"comment_status":"open","ping_status":"","sticky":false,"template":"","format":"standard","meta":{"footnotes":""},"categories":[62,61,3],"tags":[1270,1126,664,663,27],"class_list":["post-21478","post","type-post","status-publish","format-standard","has-post-thumbnail","hentry","category-analog","category-rok-2004","category-tramwaj","tag-2004-08-04","tag-bombardier-flexity-classic","tag-krakow","tag-mpk-krakow","tag-polska"],"_links":{"self":[{"href":"http:\/\/wgphoto.pl\/t\/index.php?rest_route=\/wp\/v2\/posts\/21478","targetHints":{"allow":["GET"]}}],"collection":[{"href":"http:\/\/wgphoto.pl\/t\/index.php?rest_route=\/wp\/v2\/posts"}],"about":[{"href":"http:\/\/wgphoto.pl\/t\/index.php?rest_route=\/wp\/v2\/types\/post"}],"author":[{"embeddable":true,"href":"http:\/\/wgphoto.pl\/t\/index.php?rest_route=\/wp\/v2\/users\/1"}],"replies":[{"embeddable":true,"href":"http:\/\/wgphoto.pl\/t\/index.php?rest_route=%2Fwp%2Fv2%2Fcomments&post=21478"}],"version-history":[{"count":1,"href":"http:\/\/wgphoto.pl\/t\/index.php?rest_route=\/wp\/v2\/posts\/21478\/revisions"}],"predecessor-version":[{"id":21480,"href":"http:\/\/wgphoto.pl\/t\/index.php?rest_route=\/wp\/v2\/posts\/21478\/revisions\/21480"}],"wp:featuredmedia":[{"embeddable":true,"href":"http:\/\/wgphoto.pl\/t\/index.php?rest_route=\/wp\/v2\/media\/21479"}],"wp:attachment":[{"href":"http:\/\/wgphoto.pl\/t\/index.php?rest_route=%2Fwp%2Fv2%2Fmedia&parent=21478"}],"wp:term":[{"taxonomy":"category","embeddable":true,"href":"http:\/\/wgphoto.pl\/t\/index.php?rest_route=%2Fwp%2Fv2%2Fcategories&post=21478"},{"taxonomy":"post_tag","embeddable":true,"href":"http:\/\/wgphoto.pl\/t\/index.php?rest_route=%2Fwp%2Fv2%2Ftags&post=21478"}],"curies":[{"name":"wp","href":"https:\/\/api.w.org\/{rel}","templated":true}]}}