{"id":21484,"date":"2025-08-04T19:56:56","date_gmt":"2025-08-04T17:56:56","guid":{"rendered":"https:\/\/wgphoto.pl\/t\/?p=21484"},"modified":"2025-08-04T19:56:56","modified_gmt":"2025-08-04T17:56:56","slug":"poruszenie-i-zatrzymanie","status":"publish","type":"post","link":"http:\/\/wgphoto.pl\/t\/?p=21484","title":{"rendered":"Poruszenie i zatrzymanie"},"content":{"rendered":"\n<figure class=\"wp-block-image aligncenter size-full\"><img loading=\"lazy\" decoding=\"async\" width=\"1400\" height=\"927\" src=\"https:\/\/wgphoto.pl\/t\/wp-content\/uploads\/2025\/08\/0418-32_rsn.jpg\" alt=\"\" class=\"wp-image-21485\" srcset=\"http:\/\/wgphoto.pl\/t\/wp-content\/uploads\/2025\/08\/0418-32_rsn.jpg 1400w, http:\/\/wgphoto.pl\/t\/wp-content\/uploads\/2025\/08\/0418-32_rsn-300x199.jpg 300w, http:\/\/wgphoto.pl\/t\/wp-content\/uploads\/2025\/08\/0418-32_rsn-768x509.jpg 768w\" sizes=\"auto, (max-width: 1400px) 100vw, 1400px\" \/><\/figure>\n\n\n\n<div class=\"wp-block-group has-global-padding is-layout-constrained wp-block-group-is-layout-constrained\">\n<p>Krak\u00f3w, ul. Zwierzyniecka, GT6+B4 172+542. Poruszenie w\u015br\u00f3d ludzi spowodowane by\u0142o zatrzymaniem tramwaju, kt\u00f3ry nie m\u00f3g\u0142 przejecha\u0107 z powodu auta zaparkowanego w skrajni. Sam zreszt\u0105 wysiad\u0142em z kt\u00f3rego\u015b z dalszych tramwaj\u00f3w. 04.08.2004<\/p>\n<\/div>\n","protected":false},"excerpt":{"rendered":"<p>Krak\u00f3w, ul. Zwierzyniecka, GT6+B4 172+542. Poruszenie w\u015br\u00f3d ludzi spowodowane by\u0142o zatrzymaniem tramwaju, kt\u00f3ry nie m\u00f3g\u0142 przejecha\u0107 z powodu auta zaparkowanego w skrajni. Sam zreszt\u0105 wysiad\u0142em z kt\u00f3rego\u015b z dalszych tramwaj\u00f3w. 04.08.2004<\/p>\n","protected":false},"author":1,"featured_media":21485,"comment_status":"open","ping_status":"","sticky":false,"template":"","format":"standard","meta":{"footnotes":""},"categories":[62,61,3],"tags":[1270,101,664,151,663,27],"class_list":["post-21484","post","type-post","status-publish","format-standard","has-post-thumbnail","hentry","category-analog","category-rok-2004","category-tramwaj","tag-2004-08-04","tag-gt6","tag-krakow","tag-ludzie","tag-mpk-krakow","tag-polska"],"_links":{"self":[{"href":"http:\/\/wgphoto.pl\/t\/index.php?rest_route=\/wp\/v2\/posts\/21484","targetHints":{"allow":["GET"]}}],"collection":[{"href":"http:\/\/wgphoto.pl\/t\/index.php?rest_route=\/wp\/v2\/posts"}],"about":[{"href":"http:\/\/wgphoto.pl\/t\/index.php?rest_route=\/wp\/v2\/types\/post"}],"author":[{"embeddable":true,"href":"http:\/\/wgphoto.pl\/t\/index.php?rest_route=\/wp\/v2\/users\/1"}],"replies":[{"embeddable":true,"href":"http:\/\/wgphoto.pl\/t\/index.php?rest_route=%2Fwp%2Fv2%2Fcomments&post=21484"}],"version-history":[{"count":1,"href":"http:\/\/wgphoto.pl\/t\/index.php?rest_route=\/wp\/v2\/posts\/21484\/revisions"}],"predecessor-version":[{"id":21486,"href":"http:\/\/wgphoto.pl\/t\/index.php?rest_route=\/wp\/v2\/posts\/21484\/revisions\/21486"}],"wp:featuredmedia":[{"embeddable":true,"href":"http:\/\/wgphoto.pl\/t\/index.php?rest_route=\/wp\/v2\/media\/21485"}],"wp:attachment":[{"href":"http:\/\/wgphoto.pl\/t\/index.php?rest_route=%2Fwp%2Fv2%2Fmedia&parent=21484"}],"wp:term":[{"taxonomy":"category","embeddable":true,"href":"http:\/\/wgphoto.pl\/t\/index.php?rest_route=%2Fwp%2Fv2%2Fcategories&post=21484"},{"taxonomy":"post_tag","embeddable":true,"href":"http:\/\/wgphoto.pl\/t\/index.php?rest_route=%2Fwp%2Fv2%2Ftags&post=21484"}],"curies":[{"name":"wp","href":"https:\/\/api.w.org\/{rel}","templated":true}]}}