{"id":21490,"date":"2025-08-05T17:19:13","date_gmt":"2025-08-05T15:19:13","guid":{"rendered":"https:\/\/wgphoto.pl\/t\/?p=21490"},"modified":"2025-08-05T17:19:13","modified_gmt":"2025-08-05T15:19:13","slug":"sportowy-centrum","status":"publish","type":"post","link":"http:\/\/wgphoto.pl\/t\/?p=21490","title":{"rendered":"Sportowy centrum"},"content":{"rendered":"\n<figure class=\"wp-block-image aligncenter size-full\"><img loading=\"lazy\" decoding=\"async\" width=\"1300\" height=\"870\" src=\"https:\/\/wgphoto.pl\/t\/wp-content\/uploads\/2025\/08\/IMGP8459-1.jpg\" alt=\"\" class=\"wp-image-21491\" srcset=\"http:\/\/wgphoto.pl\/t\/wp-content\/uploads\/2025\/08\/IMGP8459-1.jpg 1300w, http:\/\/wgphoto.pl\/t\/wp-content\/uploads\/2025\/08\/IMGP8459-1-300x201.jpg 300w, http:\/\/wgphoto.pl\/t\/wp-content\/uploads\/2025\/08\/IMGP8459-1-768x514.jpg 768w\" sizes=\"auto, (max-width: 1300px) 100vw, 1300px\" \/><\/figure>\n\n\n\n<div class=\"wp-block-group has-global-padding is-layout-constrained wp-block-group-is-layout-constrained\">\n<p>Tatra KTNF6 136 na awaryjnej p\u0119tli Sportzentrum (po \u0142u\u017cycku jak w tytule) w Chociebu\u017cu. Trasa tr\u00f3jki by\u0142a skr\u00f3cona z powodu prac torowych na dalszym odcinku, lecz mo\u017cna by\u0142o podjecha\u0107 jeszcze kilka przystank\u00f3w dalej po przesiadce na tramwaj dwukierunkowy. 20.10.2010<\/p>\n<\/div>\n","protected":false},"excerpt":{"rendered":"<p>Tatra KTNF6 136 na awaryjnej p\u0119tli Sportzentrum (po \u0142u\u017cycku jak w tytule) w Chociebu\u017cu. Trasa tr\u00f3jki by\u0142a skr\u00f3cona z powodu prac torowych na dalszym odcinku, lecz mo\u017cna by\u0142o podjecha\u0107 jeszcze kilka przystank\u00f3w dalej po przesiadce na tramwaj dwukierunkowy. 20.10.2010<\/p>\n","protected":false},"author":1,"featured_media":21491,"comment_status":"open","ping_status":"","sticky":false,"template":"","format":"standard","meta":{"footnotes":""},"categories":[86,3],"tags":[2241,2238,2239,126,23,2240],"class_list":["post-21490","post","type-post","status-publish","format-standard","has-post-thumbnail","hentry","category-rok-2010","category-tramwaj","tag-2010-10-20","tag-chociebuz","tag-cv-cottbus","tag-jesien","tag-niemcy","tag-tatra-ktnf"],"_links":{"self":[{"href":"http:\/\/wgphoto.pl\/t\/index.php?rest_route=\/wp\/v2\/posts\/21490","targetHints":{"allow":["GET"]}}],"collection":[{"href":"http:\/\/wgphoto.pl\/t\/index.php?rest_route=\/wp\/v2\/posts"}],"about":[{"href":"http:\/\/wgphoto.pl\/t\/index.php?rest_route=\/wp\/v2\/types\/post"}],"author":[{"embeddable":true,"href":"http:\/\/wgphoto.pl\/t\/index.php?rest_route=\/wp\/v2\/users\/1"}],"replies":[{"embeddable":true,"href":"http:\/\/wgphoto.pl\/t\/index.php?rest_route=%2Fwp%2Fv2%2Fcomments&post=21490"}],"version-history":[{"count":1,"href":"http:\/\/wgphoto.pl\/t\/index.php?rest_route=\/wp\/v2\/posts\/21490\/revisions"}],"predecessor-version":[{"id":21492,"href":"http:\/\/wgphoto.pl\/t\/index.php?rest_route=\/wp\/v2\/posts\/21490\/revisions\/21492"}],"wp:featuredmedia":[{"embeddable":true,"href":"http:\/\/wgphoto.pl\/t\/index.php?rest_route=\/wp\/v2\/media\/21491"}],"wp:attachment":[{"href":"http:\/\/wgphoto.pl\/t\/index.php?rest_route=%2Fwp%2Fv2%2Fmedia&parent=21490"}],"wp:term":[{"taxonomy":"category","embeddable":true,"href":"http:\/\/wgphoto.pl\/t\/index.php?rest_route=%2Fwp%2Fv2%2Fcategories&post=21490"},{"taxonomy":"post_tag","embeddable":true,"href":"http:\/\/wgphoto.pl\/t\/index.php?rest_route=%2Fwp%2Fv2%2Ftags&post=21490"}],"curies":[{"name":"wp","href":"https:\/\/api.w.org\/{rel}","templated":true}]}}