{"id":21577,"date":"2025-08-05T18:00:04","date_gmt":"2025-08-05T16:00:04","guid":{"rendered":"https:\/\/wgphoto.pl\/t\/?p=21577"},"modified":"2025-08-05T18:01:29","modified_gmt":"2025-08-05T16:01:29","slug":"vysoka","status":"publish","type":"post","link":"http:\/\/wgphoto.pl\/t\/?p=21577","title":{"rendered":"Vysok\u00e1"},"content":{"rendered":"\n<figure class=\"wp-block-image aligncenter size-full\"><img loading=\"lazy\" decoding=\"async\" width=\"1300\" height=\"861\" src=\"https:\/\/wgphoto.pl\/t\/wp-content\/uploads\/2025\/08\/IMGP8001.jpg\" alt=\"\" class=\"wp-image-21578\" srcset=\"http:\/\/wgphoto.pl\/t\/wp-content\/uploads\/2025\/08\/IMGP8001.jpg 1300w, http:\/\/wgphoto.pl\/t\/wp-content\/uploads\/2025\/08\/IMGP8001-300x199.jpg 300w, http:\/\/wgphoto.pl\/t\/wp-content\/uploads\/2025\/08\/IMGP8001-768x509.jpg 768w\" sizes=\"auto, (max-width: 1300px) 100vw, 1300px\" \/><\/figure>\n\n\n\n<div class=\"wp-block-group has-global-padding is-layout-constrained wp-block-group-is-layout-constrained\">\n<p>Jednostka 495.954 o imieniu pochodz\u0105cym od tatrza\u0144\u015bkiego szczytu jako poci\u0105g 8107 relacji \u0160trbsk\u00e9 Pleso &#8211; Poprad-Tatry za par\u0119 minut osi\u0105gnie stacj\u0119 docelow\u0105. 20.05.2022<\/p>\n<\/div>\n","protected":false},"excerpt":{"rendered":"<p>Jednostka 495.954 o imieniu pochodz\u0105cym od tatrza\u0144\u015bkiego szczytu jako poci\u0105g 8107 relacji \u0160trbsk\u00e9 Pleso &#8211; Poprad-Tatry za par\u0119 minut osi\u0105gnie stacj\u0119 docelow\u0105. 20.05.2022<\/p>\n","protected":false},"author":1,"featured_media":21578,"comment_status":"open","ping_status":"","sticky":false,"template":"","format":"standard","meta":{"footnotes":""},"categories":[2,669],"tags":[2172,4024,2169,114,1655,176,675,3024,2523,1234,469],"class_list":["post-21577","post","type-post","status-publish","format-standard","has-post-thumbnail","hentry","category-kolej","category-rok-2022","tag-2022-05-20","tag-4024","tag-druga-majowka-2022","tag-gory","tag-poprad-tatry","tag-rano","tag-slowacja","tag-stadler-gtw","tag-tez","tag-velky-slavkov","tag-zssk"],"_links":{"self":[{"href":"http:\/\/wgphoto.pl\/t\/index.php?rest_route=\/wp\/v2\/posts\/21577","targetHints":{"allow":["GET"]}}],"collection":[{"href":"http:\/\/wgphoto.pl\/t\/index.php?rest_route=\/wp\/v2\/posts"}],"about":[{"href":"http:\/\/wgphoto.pl\/t\/index.php?rest_route=\/wp\/v2\/types\/post"}],"author":[{"embeddable":true,"href":"http:\/\/wgphoto.pl\/t\/index.php?rest_route=\/wp\/v2\/users\/1"}],"replies":[{"embeddable":true,"href":"http:\/\/wgphoto.pl\/t\/index.php?rest_route=%2Fwp%2Fv2%2Fcomments&post=21577"}],"version-history":[{"count":2,"href":"http:\/\/wgphoto.pl\/t\/index.php?rest_route=\/wp\/v2\/posts\/21577\/revisions"}],"predecessor-version":[{"id":21580,"href":"http:\/\/wgphoto.pl\/t\/index.php?rest_route=\/wp\/v2\/posts\/21577\/revisions\/21580"}],"wp:featuredmedia":[{"embeddable":true,"href":"http:\/\/wgphoto.pl\/t\/index.php?rest_route=\/wp\/v2\/media\/21578"}],"wp:attachment":[{"href":"http:\/\/wgphoto.pl\/t\/index.php?rest_route=%2Fwp%2Fv2%2Fmedia&parent=21577"}],"wp:term":[{"taxonomy":"category","embeddable":true,"href":"http:\/\/wgphoto.pl\/t\/index.php?rest_route=%2Fwp%2Fv2%2Fcategories&post=21577"},{"taxonomy":"post_tag","embeddable":true,"href":"http:\/\/wgphoto.pl\/t\/index.php?rest_route=%2Fwp%2Fv2%2Ftags&post=21577"}],"curies":[{"name":"wp","href":"https:\/\/api.w.org\/{rel}","templated":true}]}}