{"id":21610,"date":"2025-08-07T18:41:01","date_gmt":"2025-08-07T16:41:01","guid":{"rendered":"https:\/\/wgphoto.pl\/t\/?p=21610"},"modified":"2025-08-07T18:41:01","modified_gmt":"2025-08-07T16:41:01","slug":"1141-376","status":"publish","type":"post","link":"http:\/\/wgphoto.pl\/t\/?p=21610","title":{"rendered":"1141.376"},"content":{"rendered":"\n<figure class=\"wp-block-image aligncenter size-full\"><img loading=\"lazy\" decoding=\"async\" width=\"1400\" height=\"927\" src=\"https:\/\/wgphoto.pl\/t\/wp-content\/uploads\/2025\/08\/IMGP1927.jpg\" alt=\"\" class=\"wp-image-21611\" srcset=\"http:\/\/wgphoto.pl\/t\/wp-content\/uploads\/2025\/08\/IMGP1927.jpg 1400w, http:\/\/wgphoto.pl\/t\/wp-content\/uploads\/2025\/08\/IMGP1927-300x199.jpg 300w, http:\/\/wgphoto.pl\/t\/wp-content\/uploads\/2025\/08\/IMGP1927-768x509.jpg 768w\" sizes=\"auto, (max-width: 1400px) 100vw, 1400px\" \/><\/figure>\n\n\n\n<div class=\"wp-block-group has-global-padding is-layout-constrained wp-block-group-is-layout-constrained\">\n<p>Lokomotywa 1141.376, jedna ze zmodernizowanych maszyn o zmienionej przek\u0142adni, umo\u017cliwiaj\u0105cej jazd\u0119 z pr\u0119dko\u015bci\u0105 140 km\/h, czeka na odjazd z poci\u0105giem do Budapesztu, kt\u00f3rym pokonam ca\u0142\u0105 tras\u0119. Zagreb Glavni Kolodvor, 18.08.2015<\/p>\n<\/div>\n","protected":false},"excerpt":{"rendered":"<p>Lokomotywa 1141.376, jedna ze zmodernizowanych maszyn o zmienionej przek\u0142adni, umo\u017cliwiaj\u0105cej jazd\u0119 z pr\u0119dko\u015bci\u0105 140 km\/h, czeka na odjazd z poci\u0105giem do Budapesztu, kt\u00f3rym pokonam ca\u0142\u0105 tras\u0119. Zagreb Glavni Kolodvor, 18.08.2015<\/p>\n","protected":false},"author":1,"featured_media":21611,"comment_status":"open","ping_status":"","sticky":false,"template":"","format":"standard","meta":{"footnotes":""},"categories":[2,104],"tags":[1809,459,2447,2175,1186,24,107,3134,477],"class_list":["post-21610","post","type-post","status-publish","format-standard","has-post-thumbnail","hentry","category-kolej","category-rok-2015","tag-2015-08-18","tag-chorwacja","tag-dworzec-glowny-w-stolicy","tag-hz","tag-na-wsiadanego","tag-perony","tag-wakacje-2015","tag-zagreb-glavni-kolodvor","tag-zagrzeb"],"_links":{"self":[{"href":"http:\/\/wgphoto.pl\/t\/index.php?rest_route=\/wp\/v2\/posts\/21610","targetHints":{"allow":["GET"]}}],"collection":[{"href":"http:\/\/wgphoto.pl\/t\/index.php?rest_route=\/wp\/v2\/posts"}],"about":[{"href":"http:\/\/wgphoto.pl\/t\/index.php?rest_route=\/wp\/v2\/types\/post"}],"author":[{"embeddable":true,"href":"http:\/\/wgphoto.pl\/t\/index.php?rest_route=\/wp\/v2\/users\/1"}],"replies":[{"embeddable":true,"href":"http:\/\/wgphoto.pl\/t\/index.php?rest_route=%2Fwp%2Fv2%2Fcomments&post=21610"}],"version-history":[{"count":1,"href":"http:\/\/wgphoto.pl\/t\/index.php?rest_route=\/wp\/v2\/posts\/21610\/revisions"}],"predecessor-version":[{"id":21612,"href":"http:\/\/wgphoto.pl\/t\/index.php?rest_route=\/wp\/v2\/posts\/21610\/revisions\/21612"}],"wp:featuredmedia":[{"embeddable":true,"href":"http:\/\/wgphoto.pl\/t\/index.php?rest_route=\/wp\/v2\/media\/21611"}],"wp:attachment":[{"href":"http:\/\/wgphoto.pl\/t\/index.php?rest_route=%2Fwp%2Fv2%2Fmedia&parent=21610"}],"wp:term":[{"taxonomy":"category","embeddable":true,"href":"http:\/\/wgphoto.pl\/t\/index.php?rest_route=%2Fwp%2Fv2%2Fcategories&post=21610"},{"taxonomy":"post_tag","embeddable":true,"href":"http:\/\/wgphoto.pl\/t\/index.php?rest_route=%2Fwp%2Fv2%2Ftags&post=21610"}],"curies":[{"name":"wp","href":"https:\/\/api.w.org\/{rel}","templated":true}]}}