{"id":21613,"date":"2025-08-07T18:42:02","date_gmt":"2025-08-07T16:42:02","guid":{"rendered":"https:\/\/wgphoto.pl\/t\/?p=21613"},"modified":"2025-08-07T18:42:02","modified_gmt":"2025-08-07T16:42:02","slug":"nocleg-pod-hotelem","status":"publish","type":"post","link":"http:\/\/wgphoto.pl\/t\/?p=21613","title":{"rendered":"Nocleg pod hotelem"},"content":{"rendered":"\n<figure class=\"wp-block-image aligncenter size-full\"><img loading=\"lazy\" decoding=\"async\" width=\"1400\" height=\"927\" src=\"https:\/\/wgphoto.pl\/t\/wp-content\/uploads\/2025\/08\/IMGP1176.jpg\" alt=\"\" class=\"wp-image-21614\" srcset=\"http:\/\/wgphoto.pl\/t\/wp-content\/uploads\/2025\/08\/IMGP1176.jpg 1400w, http:\/\/wgphoto.pl\/t\/wp-content\/uploads\/2025\/08\/IMGP1176-300x199.jpg 300w, http:\/\/wgphoto.pl\/t\/wp-content\/uploads\/2025\/08\/IMGP1176-768x509.jpg 768w\" sizes=\"auto, (max-width: 1400px) 100vw, 1400px\" \/><\/figure>\n\n\n\n<div class=\"wp-block-group has-global-padding is-layout-constrained wp-block-group-is-layout-constrained\">\n<p>Triest, Piazza Oberdan. Jest ju\u017c p\u00f3\u017ano, po godz. 22. Miejscowy tramwaj nocuje na ko\u0144cowym przystanku w centrum miasta. Okazuje si\u0119, \u017ce po ponownym uruchomieniu trasy w zesz\u0142ym roku skr\u00f3cono j\u0105 o kilkadziesi\u0105t metr\u00f3w do Piazza Dalmazia, zatem w to miejsce tramwaj ju\u017c podobno nie dociera. 14.08.2015<\/p>\n<\/div>\n","protected":false},"excerpt":{"rendered":"<p>Triest, Piazza Oberdan. Jest ju\u017c p\u00f3\u017ano, po godz. 22. Miejscowy tramwaj nocuje na ko\u0144cowym przystanku w centrum miasta. Okazuje si\u0119, \u017ce po ponownym uruchomieniu trasy w zesz\u0142ym roku skr\u00f3cono j\u0105 o kilkadziesi\u0105t metr\u00f3w do Piazza Dalmazia, zatem w to miejsce tramwaj ju\u017c podobno nie dociera. 14.08.2015<\/p>\n","protected":false},"author":1,"featured_media":21614,"comment_status":"open","ping_status":"","sticky":false,"template":"","format":"standard","meta":{"footnotes":""},"categories":[104,3],"tags":[1060,154,111,1045,107,110],"class_list":["post-21613","post","type-post","status-publish","format-standard","has-post-thumbnail","hentry","category-rok-2015","category-tramwaj","tag-2015-08-14","tag-noc","tag-triest","tag-trieste-transporti","tag-wakacje-2015","tag-wlochy"],"_links":{"self":[{"href":"http:\/\/wgphoto.pl\/t\/index.php?rest_route=\/wp\/v2\/posts\/21613","targetHints":{"allow":["GET"]}}],"collection":[{"href":"http:\/\/wgphoto.pl\/t\/index.php?rest_route=\/wp\/v2\/posts"}],"about":[{"href":"http:\/\/wgphoto.pl\/t\/index.php?rest_route=\/wp\/v2\/types\/post"}],"author":[{"embeddable":true,"href":"http:\/\/wgphoto.pl\/t\/index.php?rest_route=\/wp\/v2\/users\/1"}],"replies":[{"embeddable":true,"href":"http:\/\/wgphoto.pl\/t\/index.php?rest_route=%2Fwp%2Fv2%2Fcomments&post=21613"}],"version-history":[{"count":1,"href":"http:\/\/wgphoto.pl\/t\/index.php?rest_route=\/wp\/v2\/posts\/21613\/revisions"}],"predecessor-version":[{"id":21615,"href":"http:\/\/wgphoto.pl\/t\/index.php?rest_route=\/wp\/v2\/posts\/21613\/revisions\/21615"}],"wp:featuredmedia":[{"embeddable":true,"href":"http:\/\/wgphoto.pl\/t\/index.php?rest_route=\/wp\/v2\/media\/21614"}],"wp:attachment":[{"href":"http:\/\/wgphoto.pl\/t\/index.php?rest_route=%2Fwp%2Fv2%2Fmedia&parent=21613"}],"wp:term":[{"taxonomy":"category","embeddable":true,"href":"http:\/\/wgphoto.pl\/t\/index.php?rest_route=%2Fwp%2Fv2%2Fcategories&post=21613"},{"taxonomy":"post_tag","embeddable":true,"href":"http:\/\/wgphoto.pl\/t\/index.php?rest_route=%2Fwp%2Fv2%2Ftags&post=21613"}],"curies":[{"name":"wp","href":"https:\/\/api.w.org\/{rel}","templated":true}]}}