{"id":21628,"date":"2025-08-14T19:34:12","date_gmt":"2025-08-14T17:34:12","guid":{"rendered":"https:\/\/wgphoto.pl\/t\/?p=21628"},"modified":"2025-08-14T19:34:12","modified_gmt":"2025-08-14T17:34:12","slug":"nowy-koncept","status":"publish","type":"post","link":"http:\/\/wgphoto.pl\/t\/?p=21628","title":{"rendered":"Nowy koncept"},"content":{"rendered":"\n<figure class=\"wp-block-image aligncenter size-full\"><img loading=\"lazy\" decoding=\"async\" width=\"1400\" height=\"937\" src=\"https:\/\/wgphoto.pl\/t\/wp-content\/uploads\/2025\/08\/IMGP2417.jpg\" alt=\"\" class=\"wp-image-21629\" srcset=\"http:\/\/wgphoto.pl\/t\/wp-content\/uploads\/2025\/08\/IMGP2417.jpg 1400w, http:\/\/wgphoto.pl\/t\/wp-content\/uploads\/2025\/08\/IMGP2417-300x201.jpg 300w, http:\/\/wgphoto.pl\/t\/wp-content\/uploads\/2025\/08\/IMGP2417-768x514.jpg 768w\" sizes=\"auto, (max-width: 1400px) 100vw, 1400px\" \/><\/figure>\n\n\n\n<div class=\"wp-block-group has-global-padding is-layout-constrained wp-block-group-is-layout-constrained\">\n<p>843.016 z poci\u0105giem osobowym 5412 relacji Nov\u00e1 Paka &#8211; Liberec od\u0142\u0105cza si\u0119 w\u0142a\u015bnie w Turnovie od trzech kolejnych wagon\u00f3w (854 z dwiema doczepami) jad\u0105cych jako rychlik 1145 Tanvad &#8211; Praha-Vr\u0161ovice. Obie cz\u0119\u015bci podr\u00f3\u017cuj\u0105 jako jeden sk\u0142ad na odcinku \u017delezn\u00fd Brod &#8211; Turnov, mierz\u0105cym 14 km. Sama za\u015b stacja nie wzbudza mo\u017ce emocji, gdy\u017c posiada szerokie i wysokie perony, stanowi\u0105ce przeciwie\u0144stwo klimatu czeskich stacyjek. Jest jednak warta uwagi, gdy\u017c by\u0142a, zdaje si\u0119, pierwsz\u0105 przebudowan\u0105 wed\u0142ug tego konceptu i stanowi\u0142a swoisty poligon do\u015bwiadczalny. Budowa przej\u015bcia na perony naprzeciwko g\u0142\u00f3wnego wyj\u015bcia z budynku dworca oraz brak zb\u0119dnych barierek zdaj\u0105 si\u0119 by\u0107 u\u017cyteczne. Takie rozwi\u0105zanie nie wyd\u0142u\u017ca dawnych dr\u00f3g doj\u015bcia pomi\u0119dzy peronami i jednocze\u015bnie zapewnia wygodniejsze wsiadanie do poci\u0105g\u00f3w ze wzgl\u0119du na wysoko\u015b\u0107 peronu. Taka zreszt\u0105 by\u0142a idea tej koncepcji. 16.03.2013<\/p>\n<\/div>\n","protected":false},"excerpt":{"rendered":"<p>843.016 z poci\u0105giem osobowym 5412 relacji Nov\u00e1 Paka &#8211; Liberec od\u0142\u0105cza si\u0119 w\u0142a\u015bnie w Turnovie od trzech kolejnych wagon\u00f3w (854 z dwiema doczepami) jad\u0105cych jako rychlik 1145 Tanvad &#8211; Praha-Vr\u0161ovice. Obie cz\u0119\u015bci podr\u00f3\u017cuj\u0105 jako jeden sk\u0142ad na odcinku \u017delezn\u00fd Brod &#8211; Turnov, mierz\u0105cym 14 km. Sama za\u015b stacja nie wzbudza mo\u017ce emocji, gdy\u017c posiada szerokie [&hellip;]<\/p>\n","protected":false},"author":1,"featured_media":21629,"comment_status":"open","ping_status":"","sticky":false,"template":"","format":"standard","meta":{"footnotes":""},"categories":[2,55],"tags":[937,619,50,49,151,24,2196,4466],"class_list":["post-21628","post","type-post","status-publish","format-standard","has-post-thumbnail","hentry","category-kolej","category-rok-2013","tag-2013-03-16","tag-619","tag-cd","tag-czechy","tag-ludzie","tag-perony","tag-tab-cz030","tag-turnov"],"_links":{"self":[{"href":"http:\/\/wgphoto.pl\/t\/index.php?rest_route=\/wp\/v2\/posts\/21628","targetHints":{"allow":["GET"]}}],"collection":[{"href":"http:\/\/wgphoto.pl\/t\/index.php?rest_route=\/wp\/v2\/posts"}],"about":[{"href":"http:\/\/wgphoto.pl\/t\/index.php?rest_route=\/wp\/v2\/types\/post"}],"author":[{"embeddable":true,"href":"http:\/\/wgphoto.pl\/t\/index.php?rest_route=\/wp\/v2\/users\/1"}],"replies":[{"embeddable":true,"href":"http:\/\/wgphoto.pl\/t\/index.php?rest_route=%2Fwp%2Fv2%2Fcomments&post=21628"}],"version-history":[{"count":1,"href":"http:\/\/wgphoto.pl\/t\/index.php?rest_route=\/wp\/v2\/posts\/21628\/revisions"}],"predecessor-version":[{"id":21630,"href":"http:\/\/wgphoto.pl\/t\/index.php?rest_route=\/wp\/v2\/posts\/21628\/revisions\/21630"}],"wp:featuredmedia":[{"embeddable":true,"href":"http:\/\/wgphoto.pl\/t\/index.php?rest_route=\/wp\/v2\/media\/21629"}],"wp:attachment":[{"href":"http:\/\/wgphoto.pl\/t\/index.php?rest_route=%2Fwp%2Fv2%2Fmedia&parent=21628"}],"wp:term":[{"taxonomy":"category","embeddable":true,"href":"http:\/\/wgphoto.pl\/t\/index.php?rest_route=%2Fwp%2Fv2%2Fcategories&post=21628"},{"taxonomy":"post_tag","embeddable":true,"href":"http:\/\/wgphoto.pl\/t\/index.php?rest_route=%2Fwp%2Fv2%2Ftags&post=21628"}],"curies":[{"name":"wp","href":"https:\/\/api.w.org\/{rel}","templated":true}]}}