{"id":21656,"date":"2025-08-23T16:37:44","date_gmt":"2025-08-23T14:37:44","guid":{"rendered":"https:\/\/wgphoto.pl\/t\/?p=21656"},"modified":"2025-08-23T16:37:44","modified_gmt":"2025-08-23T14:37:44","slug":"poranny-szczyt-w-berlinie","status":"publish","type":"post","link":"http:\/\/wgphoto.pl\/t\/?p=21656","title":{"rendered":"Poranny szczyt w Berlinie"},"content":{"rendered":"\n<figure class=\"wp-block-image aligncenter size-full\"><img loading=\"lazy\" decoding=\"async\" width=\"1400\" height=\"927\" src=\"https:\/\/wgphoto.pl\/t\/wp-content\/uploads\/2025\/08\/IMGP3498.jpg\" alt=\"\" class=\"wp-image-21657\" srcset=\"http:\/\/wgphoto.pl\/t\/wp-content\/uploads\/2025\/08\/IMGP3498.jpg 1400w, http:\/\/wgphoto.pl\/t\/wp-content\/uploads\/2025\/08\/IMGP3498-300x199.jpg 300w, http:\/\/wgphoto.pl\/t\/wp-content\/uploads\/2025\/08\/IMGP3498-768x509.jpg 768w\" sizes=\"auto, (max-width: 1400px) 100vw, 1400px\" \/><\/figure>\n\n\n\n<div class=\"wp-block-group has-global-padding is-layout-constrained wp-block-group-is-layout-constrained\">\n<p>Zestaw &#8222;chomik\u00f3w&#8221; 442.126+? jako RE1 do Berlina Friedrichstr. podczas postoju na dworcu Berlin Hbf. Linia RE1 by\u0142a obs\u0142ugiwana przez pi\u0119trowe push-pulle i kursowa\u0142a w standardowej relacji Magdeburg &#8211; Frankfurt (Oder), inny sk\u0142ad i kr\u00f3tsza relacja stanowi\u0142a zapewne szczytowe wzmocnienie, foto wykonano bowiem o godz. 7:15. 16.09.2021<\/p>\n<\/div>\n","protected":false},"excerpt":{"rendered":"<p>Zestaw &#8222;chomik\u00f3w&#8221; 442.126+? jako RE1 do Berlina Friedrichstr. podczas postoju na dworcu Berlin Hbf. Linia RE1 by\u0142a obs\u0142ugiwana przez pi\u0119trowe push-pulle i kursowa\u0142a w standardowej relacji Magdeburg &#8211; Frankfurt (Oder), inny sk\u0142ad i kr\u00f3tsza relacja stanowi\u0142a zapewne szczytowe wzmocnienie, foto wykonano bowiem o godz. 7:15. 16.09.2021<\/p>\n","protected":false},"author":1,"featured_media":21657,"comment_status":"open","ping_status":"","sticky":false,"template":"","format":"standard","meta":{"footnotes":""},"categories":[2,681],"tags":[3964,639,3049,4039,206,179,23,2202],"class_list":["post-21656","post","type-post","status-publish","format-standard","has-post-thumbnail","hentry","category-kolej","category-rok-2021","tag-2021-09-16","tag-berlin","tag-berlin-hauptbahnhof","tag-bombardier-talent-2","tag-db","tag-hala-peronowa","tag-niemcy","tag-niemieckie-wakacje-2021"],"_links":{"self":[{"href":"http:\/\/wgphoto.pl\/t\/index.php?rest_route=\/wp\/v2\/posts\/21656","targetHints":{"allow":["GET"]}}],"collection":[{"href":"http:\/\/wgphoto.pl\/t\/index.php?rest_route=\/wp\/v2\/posts"}],"about":[{"href":"http:\/\/wgphoto.pl\/t\/index.php?rest_route=\/wp\/v2\/types\/post"}],"author":[{"embeddable":true,"href":"http:\/\/wgphoto.pl\/t\/index.php?rest_route=\/wp\/v2\/users\/1"}],"replies":[{"embeddable":true,"href":"http:\/\/wgphoto.pl\/t\/index.php?rest_route=%2Fwp%2Fv2%2Fcomments&post=21656"}],"version-history":[{"count":1,"href":"http:\/\/wgphoto.pl\/t\/index.php?rest_route=\/wp\/v2\/posts\/21656\/revisions"}],"predecessor-version":[{"id":21658,"href":"http:\/\/wgphoto.pl\/t\/index.php?rest_route=\/wp\/v2\/posts\/21656\/revisions\/21658"}],"wp:featuredmedia":[{"embeddable":true,"href":"http:\/\/wgphoto.pl\/t\/index.php?rest_route=\/wp\/v2\/media\/21657"}],"wp:attachment":[{"href":"http:\/\/wgphoto.pl\/t\/index.php?rest_route=%2Fwp%2Fv2%2Fmedia&parent=21656"}],"wp:term":[{"taxonomy":"category","embeddable":true,"href":"http:\/\/wgphoto.pl\/t\/index.php?rest_route=%2Fwp%2Fv2%2Fcategories&post=21656"},{"taxonomy":"post_tag","embeddable":true,"href":"http:\/\/wgphoto.pl\/t\/index.php?rest_route=%2Fwp%2Fv2%2Ftags&post=21656"}],"curies":[{"name":"wp","href":"https:\/\/api.w.org\/{rel}","templated":true}]}}