{"id":21668,"date":"2025-08-23T16:41:44","date_gmt":"2025-08-23T14:41:44","guid":{"rendered":"https:\/\/wgphoto.pl\/t\/?p=21668"},"modified":"2025-08-23T16:41:44","modified_gmt":"2025-08-23T14:41:44","slug":"sp32-148-klodzko-glowne","status":"publish","type":"post","link":"http:\/\/wgphoto.pl\/t\/?p=21668","title":{"rendered":"SP32-148, K\u0142odzko G\u0142\u00f3wne"},"content":{"rendered":"\n<figure class=\"wp-block-image aligncenter size-full\"><img loading=\"lazy\" decoding=\"async\" width=\"1400\" height=\"918\" src=\"https:\/\/wgphoto.pl\/t\/wp-content\/uploads\/2025\/08\/0330-34_rsn.jpg\" alt=\"\" class=\"wp-image-21669\" srcset=\"http:\/\/wgphoto.pl\/t\/wp-content\/uploads\/2025\/08\/0330-34_rsn.jpg 1400w, http:\/\/wgphoto.pl\/t\/wp-content\/uploads\/2025\/08\/0330-34_rsn-300x197.jpg 300w, http:\/\/wgphoto.pl\/t\/wp-content\/uploads\/2025\/08\/0330-34_rsn-768x504.jpg 768w\" sizes=\"auto, (max-width: 1400px) 100vw, 1400px\" \/><\/figure>\n\n\n\n<div class=\"wp-block-group has-global-padding is-layout-constrained wp-block-group-is-layout-constrained\">\n<p>Poci\u0105g osobowy 8032 z Wa\u0142brzycha G\u0142\u00f3wnego przywi\u00f3z\u0142 garstk\u0119 pasa\u017cer\u00f3w na peron, kt\u00f3ry dzi\u015b ju\u017c nie jest u\u017cywany. Obs\u0142ug\u0119 trakcyjn\u0105 zapewni\u0142a SP32-148 z wa\u0142brzyskiej sekcji CM Wroc\u0142aw. W rejonie K\u0142odzka wola\u0142bym spotka\u0107 kamienieck\u0105 maszyn\u0119, gdy\u017c wa\u0142brzyskie by\u0142y mi dobrze znane (i obfotografowane) z linii lubawskiej. 07.08.2003<\/p>\n<\/div>\n","protected":false},"excerpt":{"rendered":"<p>Poci\u0105g osobowy 8032 z Wa\u0142brzycha G\u0142\u00f3wnego przywi\u00f3z\u0142 garstk\u0119 pasa\u017cer\u00f3w na peron, kt\u00f3ry dzi\u015b ju\u017c nie jest u\u017cywany. Obs\u0142ug\u0119 trakcyjn\u0105 zapewni\u0142a SP32-148 z wa\u0142brzyskiej sekcji CM Wroc\u0142aw. W rejonie K\u0142odzka wola\u0142bym spotka\u0107 kamienieck\u0105 maszyn\u0119, gdy\u017c wa\u0142brzyskie by\u0142y mi dobrze znane (i obfotografowane) z linii lubawskiej. 07.08.2003<\/p>\n","protected":false},"author":1,"featured_media":21669,"comment_status":"open","ping_status":"","sticky":false,"template":"","format":"standard","meta":{"footnotes":""},"categories":[62,2,149],"tags":[1409,2392,1775,63,27,385,391],"class_list":["post-21668","post","type-post","status-publish","format-standard","has-post-thumbnail","hentry","category-analog","category-kolej","category-rok-2003","tag-2003-08-07","tag-klodzko-glowne","tag-na-wysiadanego","tag-pkp","tag-polska","tag-sp32","tag-tab-pl245"],"_links":{"self":[{"href":"http:\/\/wgphoto.pl\/t\/index.php?rest_route=\/wp\/v2\/posts\/21668","targetHints":{"allow":["GET"]}}],"collection":[{"href":"http:\/\/wgphoto.pl\/t\/index.php?rest_route=\/wp\/v2\/posts"}],"about":[{"href":"http:\/\/wgphoto.pl\/t\/index.php?rest_route=\/wp\/v2\/types\/post"}],"author":[{"embeddable":true,"href":"http:\/\/wgphoto.pl\/t\/index.php?rest_route=\/wp\/v2\/users\/1"}],"replies":[{"embeddable":true,"href":"http:\/\/wgphoto.pl\/t\/index.php?rest_route=%2Fwp%2Fv2%2Fcomments&post=21668"}],"version-history":[{"count":1,"href":"http:\/\/wgphoto.pl\/t\/index.php?rest_route=\/wp\/v2\/posts\/21668\/revisions"}],"predecessor-version":[{"id":21670,"href":"http:\/\/wgphoto.pl\/t\/index.php?rest_route=\/wp\/v2\/posts\/21668\/revisions\/21670"}],"wp:featuredmedia":[{"embeddable":true,"href":"http:\/\/wgphoto.pl\/t\/index.php?rest_route=\/wp\/v2\/media\/21669"}],"wp:attachment":[{"href":"http:\/\/wgphoto.pl\/t\/index.php?rest_route=%2Fwp%2Fv2%2Fmedia&parent=21668"}],"wp:term":[{"taxonomy":"category","embeddable":true,"href":"http:\/\/wgphoto.pl\/t\/index.php?rest_route=%2Fwp%2Fv2%2Fcategories&post=21668"},{"taxonomy":"post_tag","embeddable":true,"href":"http:\/\/wgphoto.pl\/t\/index.php?rest_route=%2Fwp%2Fv2%2Ftags&post=21668"}],"curies":[{"name":"wp","href":"https:\/\/api.w.org\/{rel}","templated":true}]}}