{"id":21695,"date":"2025-08-24T13:21:06","date_gmt":"2025-08-24T11:21:06","guid":{"rendered":"https:\/\/wgphoto.pl\/t\/?p=21695"},"modified":"2025-08-24T13:21:06","modified_gmt":"2025-08-24T11:21:06","slug":"poranek-w-hranicach","status":"publish","type":"post","link":"http:\/\/wgphoto.pl\/t\/?p=21695","title":{"rendered":"Poranek w Hranicach"},"content":{"rendered":"\n<figure class=\"wp-block-image aligncenter size-full\"><img loading=\"lazy\" decoding=\"async\" width=\"1400\" height=\"927\" src=\"https:\/\/wgphoto.pl\/t\/wp-content\/uploads\/2025\/08\/IMGP1384.jpg\" alt=\"\" class=\"wp-image-21696\" srcset=\"http:\/\/wgphoto.pl\/t\/wp-content\/uploads\/2025\/08\/IMGP1384.jpg 1400w, http:\/\/wgphoto.pl\/t\/wp-content\/uploads\/2025\/08\/IMGP1384-300x199.jpg 300w, http:\/\/wgphoto.pl\/t\/wp-content\/uploads\/2025\/08\/IMGP1384-768x509.jpg 768w\" sizes=\"auto, (max-width: 1400px) 100vw, 1400px\" \/><\/figure>\n\n\n\n<div class=\"wp-block-group has-global-padding is-layout-constrained wp-block-group-is-layout-constrained\">\n<p>Tornado 460.070\/075 jako poci\u0105g osobowy 3209 relacji Olomouc hl.n. &#8211; Vset\u00edn przemierza szlak Hranice na Morav\u011b &#8211; Hranice na Morav\u011b m\u011bsto, kt\u00f3ry okr\u0105\u017ca miasto \u0142ukiem o 180 stopni. Nad Hranicami podnios\u0142a si\u0119 poranna mg\u0142a i ods\u0142oni\u0142a ko\u015bci\u00f3\u0142 pw. \u015aci\u0119cia \u015aw. Jana Chrzciciela, stoj\u0105cy na placu Masaryka, czyli miejscowym rynku. 24.03.2023<\/p>\n<\/div>\n","protected":false},"excerpt":{"rendered":"<p>Tornado 460.070\/075 jako poci\u0105g osobowy 3209 relacji Olomouc hl.n. &#8211; Vset\u00edn przemierza szlak Hranice na Morav\u011b &#8211; Hranice na Morav\u011b m\u011bsto, kt\u00f3ry okr\u0105\u017ca miasto \u0142ukiem o 180 stopni. Nad Hranicami podnios\u0142a si\u0119 poranna mg\u0142a i ods\u0142oni\u0142a ko\u015bci\u00f3\u0142 pw. \u015aci\u0119cia \u015aw. Jana Chrzciciela, stoj\u0105cy na placu Masaryka, czyli miejscowym rynku. 24.03.2023<\/p>\n","protected":false},"author":1,"featured_media":21696,"comment_status":"open","ping_status":"","sticky":false,"template":"","format":"standard","meta":{"footnotes":""},"categories":[2,6],"tags":[4124,1398,50,49,2638,4470,4094,4471],"class_list":["post-21695","post","type-post","status-publish","format-standard","has-post-thumbnail","hentry","category-kolej","category-2023r","tag-2023-03-24","tag-1398","tag-cd","tag-czechy","tag-hranice-na-morave","tag-hranice-na-morave-mesto","tag-powitanie-wiosny-2023","tag-tab-cz280"],"_links":{"self":[{"href":"http:\/\/wgphoto.pl\/t\/index.php?rest_route=\/wp\/v2\/posts\/21695","targetHints":{"allow":["GET"]}}],"collection":[{"href":"http:\/\/wgphoto.pl\/t\/index.php?rest_route=\/wp\/v2\/posts"}],"about":[{"href":"http:\/\/wgphoto.pl\/t\/index.php?rest_route=\/wp\/v2\/types\/post"}],"author":[{"embeddable":true,"href":"http:\/\/wgphoto.pl\/t\/index.php?rest_route=\/wp\/v2\/users\/1"}],"replies":[{"embeddable":true,"href":"http:\/\/wgphoto.pl\/t\/index.php?rest_route=%2Fwp%2Fv2%2Fcomments&post=21695"}],"version-history":[{"count":1,"href":"http:\/\/wgphoto.pl\/t\/index.php?rest_route=\/wp\/v2\/posts\/21695\/revisions"}],"predecessor-version":[{"id":21697,"href":"http:\/\/wgphoto.pl\/t\/index.php?rest_route=\/wp\/v2\/posts\/21695\/revisions\/21697"}],"wp:featuredmedia":[{"embeddable":true,"href":"http:\/\/wgphoto.pl\/t\/index.php?rest_route=\/wp\/v2\/media\/21696"}],"wp:attachment":[{"href":"http:\/\/wgphoto.pl\/t\/index.php?rest_route=%2Fwp%2Fv2%2Fmedia&parent=21695"}],"wp:term":[{"taxonomy":"category","embeddable":true,"href":"http:\/\/wgphoto.pl\/t\/index.php?rest_route=%2Fwp%2Fv2%2Fcategories&post=21695"},{"taxonomy":"post_tag","embeddable":true,"href":"http:\/\/wgphoto.pl\/t\/index.php?rest_route=%2Fwp%2Fv2%2Ftags&post=21695"}],"curies":[{"name":"wp","href":"https:\/\/api.w.org\/{rel}","templated":true}]}}