{"id":21711,"date":"2025-08-24T16:42:00","date_gmt":"2025-08-24T14:42:00","guid":{"rendered":"https:\/\/wgphoto.pl\/t\/?p=21711"},"modified":"2025-08-24T16:42:00","modified_gmt":"2025-08-24T14:42:00","slug":"z-ziemi-polskiej-do-wloskiej","status":"publish","type":"post","link":"http:\/\/wgphoto.pl\/t\/?p=21711","title":{"rendered":"Z ziemi polskiej do w\u0142oskiej"},"content":{"rendered":"\n<figure class=\"wp-block-image aligncenter size-full\"><img loading=\"lazy\" decoding=\"async\" width=\"1300\" height=\"949\" src=\"https:\/\/wgphoto.pl\/t\/wp-content\/uploads\/2025\/08\/DSCF0482.jpg\" alt=\"\" class=\"wp-image-21712\" srcset=\"http:\/\/wgphoto.pl\/t\/wp-content\/uploads\/2025\/08\/DSCF0482.jpg 1300w, http:\/\/wgphoto.pl\/t\/wp-content\/uploads\/2025\/08\/DSCF0482-300x219.jpg 300w, http:\/\/wgphoto.pl\/t\/wp-content\/uploads\/2025\/08\/DSCF0482-768x561.jpg 768w\" sizes=\"auto, (max-width: 1300px) 100vw, 1300px\" \/><\/figure>\n\n\n\n<div class=\"wp-block-group has-global-padding is-layout-constrained wp-block-group-is-layout-constrained\">\n<p>Z ulewy na stacji Fortezza-Franzensfeste wy\u0142oni\u0142a si\u0119 EU43-006 sp\u00f3\u0142ki Rail Traction Company, wci\u0105\u017c nosz\u0105ca oznaczenie niedosz\u0142ego polskiego w\u0142a\u015bciciela &#8211; w\u0142oski je po postu przyj\u0105\u0142 i stosuje od 25 lat. Mam foto tej lokomotywy z Pafawagu, ale poniewa\u017c by\u0142a to moja pierwsza klisza na Zenicie, jest zupe\u0142nie nieostre i tym samym nie nadaje si\u0119 do publikacji. \ud83d\ude42 21.07.2025<\/p>\n<\/div>\n","protected":false},"excerpt":{"rendered":"<p>Z ulewy na stacji Fortezza-Franzensfeste wy\u0142oni\u0142a si\u0119 EU43-006 sp\u00f3\u0142ki Rail Traction Company, wci\u0105\u017c nosz\u0105ca oznaczenie niedosz\u0142ego polskiego w\u0142a\u015bciciela &#8211; w\u0142oski je po postu przyj\u0105\u0142 i stosuje od 25 lat. Mam foto tej lokomotywy z Pafawagu, ale poniewa\u017c by\u0142a to moja pierwsza klisza na Zenicie, jest zupe\u0142nie nieostre i tym samym nie nadaje si\u0119 do publikacji. [&hellip;]<\/p>\n","protected":false},"author":1,"featured_media":21712,"comment_status":"open","ping_status":"","sticky":false,"template":"","format":"standard","meta":{"footnotes":""},"categories":[2,3208],"tags":[4478,4461,13,4479,4477,4480,4458,110],"class_list":["post-21711","post","type-post","status-publish","format-standard","has-post-thumbnail","hentry","category-kolej","category-rok-2025","tag-2025-07-21","tag-brennerbahn","tag-deszcz","tag-eu43","tag-fortezza-franzensfeste","tag-rtc","tag-wakacje-2025","tag-wlochy"],"_links":{"self":[{"href":"http:\/\/wgphoto.pl\/t\/index.php?rest_route=\/wp\/v2\/posts\/21711","targetHints":{"allow":["GET"]}}],"collection":[{"href":"http:\/\/wgphoto.pl\/t\/index.php?rest_route=\/wp\/v2\/posts"}],"about":[{"href":"http:\/\/wgphoto.pl\/t\/index.php?rest_route=\/wp\/v2\/types\/post"}],"author":[{"embeddable":true,"href":"http:\/\/wgphoto.pl\/t\/index.php?rest_route=\/wp\/v2\/users\/1"}],"replies":[{"embeddable":true,"href":"http:\/\/wgphoto.pl\/t\/index.php?rest_route=%2Fwp%2Fv2%2Fcomments&post=21711"}],"version-history":[{"count":1,"href":"http:\/\/wgphoto.pl\/t\/index.php?rest_route=\/wp\/v2\/posts\/21711\/revisions"}],"predecessor-version":[{"id":21713,"href":"http:\/\/wgphoto.pl\/t\/index.php?rest_route=\/wp\/v2\/posts\/21711\/revisions\/21713"}],"wp:featuredmedia":[{"embeddable":true,"href":"http:\/\/wgphoto.pl\/t\/index.php?rest_route=\/wp\/v2\/media\/21712"}],"wp:attachment":[{"href":"http:\/\/wgphoto.pl\/t\/index.php?rest_route=%2Fwp%2Fv2%2Fmedia&parent=21711"}],"wp:term":[{"taxonomy":"category","embeddable":true,"href":"http:\/\/wgphoto.pl\/t\/index.php?rest_route=%2Fwp%2Fv2%2Fcategories&post=21711"},{"taxonomy":"post_tag","embeddable":true,"href":"http:\/\/wgphoto.pl\/t\/index.php?rest_route=%2Fwp%2Fv2%2Ftags&post=21711"}],"curies":[{"name":"wp","href":"https:\/\/api.w.org\/{rel}","templated":true}]}}