{"id":2173,"date":"2024-10-10T16:50:22","date_gmt":"2024-10-10T14:50:22","guid":{"rendered":"https:\/\/wgphoto.pl\/t\/?p=2173"},"modified":"2024-10-10T16:50:22","modified_gmt":"2024-10-10T14:50:22","slug":"zakaz-jazdy-konno","status":"publish","type":"post","link":"http:\/\/wgphoto.pl\/t\/?p=2173","title":{"rendered":"Zakaz jazdy konno"},"content":{"rendered":"\n<figure class=\"wp-block-image aligncenter size-full\"><img loading=\"lazy\" decoding=\"async\" width=\"1200\" height=\"795\" src=\"https:\/\/wgphoto.pl\/t\/wp-content\/uploads\/2024\/10\/20131112223427_imgp0336.jpg\" alt=\"\" class=\"wp-image-2174\" srcset=\"http:\/\/wgphoto.pl\/t\/wp-content\/uploads\/2024\/10\/20131112223427_imgp0336.jpg 1200w, http:\/\/wgphoto.pl\/t\/wp-content\/uploads\/2024\/10\/20131112223427_imgp0336-300x199.jpg 300w, http:\/\/wgphoto.pl\/t\/wp-content\/uploads\/2024\/10\/20131112223427_imgp0336-768x509.jpg 768w\" sizes=\"auto, (max-width: 1200px) 100vw, 1200px\" \/><\/figure>\n\n\n\n<div class=\"wp-block-group has-global-padding is-layout-constrained wp-block-group-is-layout-constrained\">\n<p>Port de S\u00f3ller, Pol\u00edgon des Trav\u00e9s. Na zdj\u0119cie za\u0142apa\u0142 si\u0119 jeden z trzech wagon\u00f3w silnikowych, kt\u00f3re od stu lat pe\u0142ni\u0105 s\u0142u\u017cb\u0119 na tutejszej sieci. 2013-11-03<\/p>\n<\/div>\n","protected":false},"excerpt":{"rendered":"<p>Port de S\u00f3ller, Pol\u00edgon des Trav\u00e9s. Na zdj\u0119cie za\u0142apa\u0142 si\u0119 jeden z trzech wagon\u00f3w silnikowych, kt\u00f3re od stu lat pe\u0142ni\u0105 s\u0142u\u017cb\u0119 na tutejszej sieci. 2013-11-03<\/p>\n","protected":false},"author":1,"featured_media":2174,"comment_status":"open","ping_status":"","sticky":false,"template":"","format":"standard","meta":{"footnotes":""},"categories":[55,3],"tags":[1138,239,114,159,1139,1137],"class_list":["post-2173","post","type-post","status-publish","format-standard","has-post-thumbnail","hentry","category-rok-2013","category-tramwaj","tag-2013-11-03","tag-deptak","tag-gory","tag-hiszpania","tag-majorka","tag-port-de-soller"],"_links":{"self":[{"href":"http:\/\/wgphoto.pl\/t\/index.php?rest_route=\/wp\/v2\/posts\/2173","targetHints":{"allow":["GET"]}}],"collection":[{"href":"http:\/\/wgphoto.pl\/t\/index.php?rest_route=\/wp\/v2\/posts"}],"about":[{"href":"http:\/\/wgphoto.pl\/t\/index.php?rest_route=\/wp\/v2\/types\/post"}],"author":[{"embeddable":true,"href":"http:\/\/wgphoto.pl\/t\/index.php?rest_route=\/wp\/v2\/users\/1"}],"replies":[{"embeddable":true,"href":"http:\/\/wgphoto.pl\/t\/index.php?rest_route=%2Fwp%2Fv2%2Fcomments&post=2173"}],"version-history":[{"count":1,"href":"http:\/\/wgphoto.pl\/t\/index.php?rest_route=\/wp\/v2\/posts\/2173\/revisions"}],"predecessor-version":[{"id":2175,"href":"http:\/\/wgphoto.pl\/t\/index.php?rest_route=\/wp\/v2\/posts\/2173\/revisions\/2175"}],"wp:featuredmedia":[{"embeddable":true,"href":"http:\/\/wgphoto.pl\/t\/index.php?rest_route=\/wp\/v2\/media\/2174"}],"wp:attachment":[{"href":"http:\/\/wgphoto.pl\/t\/index.php?rest_route=%2Fwp%2Fv2%2Fmedia&parent=2173"}],"wp:term":[{"taxonomy":"category","embeddable":true,"href":"http:\/\/wgphoto.pl\/t\/index.php?rest_route=%2Fwp%2Fv2%2Fcategories&post=2173"},{"taxonomy":"post_tag","embeddable":true,"href":"http:\/\/wgphoto.pl\/t\/index.php?rest_route=%2Fwp%2Fv2%2Ftags&post=2173"}],"curies":[{"name":"wp","href":"https:\/\/api.w.org\/{rel}","templated":true}]}}