{"id":2176,"date":"2024-10-10T16:52:11","date_gmt":"2024-10-10T14:52:11","guid":{"rendered":"https:\/\/wgphoto.pl\/t\/?p=2176"},"modified":"2024-10-10T16:52:11","modified_gmt":"2024-10-10T14:52:11","slug":"pociag-tramwajowy","status":"publish","type":"post","link":"http:\/\/wgphoto.pl\/t\/?p=2176","title":{"rendered":"Poci\u0105g tramwajowy"},"content":{"rendered":"\n<figure class=\"wp-block-image aligncenter size-full\"><img loading=\"lazy\" decoding=\"async\" width=\"1200\" height=\"795\" src=\"https:\/\/wgphoto.pl\/t\/wp-content\/uploads\/2024\/10\/20131112223506_imgp0340.jpg\" alt=\"\" class=\"wp-image-2177\" srcset=\"http:\/\/wgphoto.pl\/t\/wp-content\/uploads\/2024\/10\/20131112223506_imgp0340.jpg 1200w, http:\/\/wgphoto.pl\/t\/wp-content\/uploads\/2024\/10\/20131112223506_imgp0340-300x199.jpg 300w, http:\/\/wgphoto.pl\/t\/wp-content\/uploads\/2024\/10\/20131112223506_imgp0340-768x509.jpg 768w\" sizes=\"auto, (max-width: 1200px) 100vw, 1200px\" \/><\/figure>\n\n\n\n<div class=\"wp-block-group has-global-padding is-layout-constrained wp-block-group-is-layout-constrained\">\n<p>Serra de Tramuntana, Carretera Puerto S\u00f3ller. Drug\u0105 brygad\u0119 obs\u0142ugiwa\u0142 d\u0142u\u017cszy sk\u0142ad, zestawiony &#8211; obok doczep &#8211; z dw\u00f3ch wagon\u00f3w silnikowych przyby\u0142ych na Majork\u0119 z Lizbony. Tutejszy przewo\u017anik posiada pi\u0119\u0107 takich pojazd\u00f3w. 2013-11-03<\/p>\n<\/div>\n","protected":false},"excerpt":{"rendered":"<p>Serra de Tramuntana, Carretera Puerto S\u00f3ller. Drug\u0105 brygad\u0119 obs\u0142ugiwa\u0142 d\u0142u\u017cszy sk\u0142ad, zestawiony &#8211; obok doczep &#8211; z dw\u00f3ch wagon\u00f3w silnikowych przyby\u0142ych na Majork\u0119 z Lizbony. Tutejszy przewo\u017anik posiada pi\u0119\u0107 takich pojazd\u00f3w. 2013-11-03<\/p>\n","protected":false},"author":1,"featured_media":2177,"comment_status":"open","ping_status":"","sticky":false,"template":"","format":"standard","meta":{"footnotes":""},"categories":[55,3],"tags":[1138,114,159,1139,143,1137],"class_list":["post-2176","post","type-post","status-publish","format-standard","has-post-thumbnail","hentry","category-rok-2013","category-tramwaj","tag-2013-11-03","tag-gory","tag-hiszpania","tag-majorka","tag-ponad-30m","tag-port-de-soller"],"_links":{"self":[{"href":"http:\/\/wgphoto.pl\/t\/index.php?rest_route=\/wp\/v2\/posts\/2176","targetHints":{"allow":["GET"]}}],"collection":[{"href":"http:\/\/wgphoto.pl\/t\/index.php?rest_route=\/wp\/v2\/posts"}],"about":[{"href":"http:\/\/wgphoto.pl\/t\/index.php?rest_route=\/wp\/v2\/types\/post"}],"author":[{"embeddable":true,"href":"http:\/\/wgphoto.pl\/t\/index.php?rest_route=\/wp\/v2\/users\/1"}],"replies":[{"embeddable":true,"href":"http:\/\/wgphoto.pl\/t\/index.php?rest_route=%2Fwp%2Fv2%2Fcomments&post=2176"}],"version-history":[{"count":1,"href":"http:\/\/wgphoto.pl\/t\/index.php?rest_route=\/wp\/v2\/posts\/2176\/revisions"}],"predecessor-version":[{"id":2178,"href":"http:\/\/wgphoto.pl\/t\/index.php?rest_route=\/wp\/v2\/posts\/2176\/revisions\/2178"}],"wp:featuredmedia":[{"embeddable":true,"href":"http:\/\/wgphoto.pl\/t\/index.php?rest_route=\/wp\/v2\/media\/2177"}],"wp:attachment":[{"href":"http:\/\/wgphoto.pl\/t\/index.php?rest_route=%2Fwp%2Fv2%2Fmedia&parent=2176"}],"wp:term":[{"taxonomy":"category","embeddable":true,"href":"http:\/\/wgphoto.pl\/t\/index.php?rest_route=%2Fwp%2Fv2%2Fcategories&post=2176"},{"taxonomy":"post_tag","embeddable":true,"href":"http:\/\/wgphoto.pl\/t\/index.php?rest_route=%2Fwp%2Fv2%2Ftags&post=2176"}],"curies":[{"name":"wp","href":"https:\/\/api.w.org\/{rel}","templated":true}]}}