{"id":2179,"date":"2024-10-10T16:55:25","date_gmt":"2024-10-10T14:55:25","guid":{"rendered":"https:\/\/wgphoto.pl\/t\/?p=2179"},"modified":"2024-10-10T16:55:25","modified_gmt":"2024-10-10T14:55:25","slug":"zator-poziomy","status":"publish","type":"post","link":"http:\/\/wgphoto.pl\/t\/?p=2179","title":{"rendered":"Z\u00e1tor poziomy"},"content":{"rendered":"\n<figure class=\"wp-block-image aligncenter size-full\"><img loading=\"lazy\" decoding=\"async\" width=\"1024\" height=\"678\" src=\"https:\/\/wgphoto.pl\/t\/wp-content\/uploads\/2024\/10\/20131120235643_imgp0249.jpg\" alt=\"\" class=\"wp-image-2180\" srcset=\"http:\/\/wgphoto.pl\/t\/wp-content\/uploads\/2024\/10\/20131120235643_imgp0249.jpg 1024w, http:\/\/wgphoto.pl\/t\/wp-content\/uploads\/2024\/10\/20131120235643_imgp0249-300x199.jpg 300w, http:\/\/wgphoto.pl\/t\/wp-content\/uploads\/2024\/10\/20131120235643_imgp0249-768x509.jpg 768w\" sizes=\"auto, (max-width: 1024px) 100vw, 1024px\" \/><\/figure>\n\n\n\n<div class=\"wp-block-group has-global-padding is-layout-constrained wp-block-group-is-layout-constrained\">\n<p>Poci\u0105g osobowy 23514 relacja Opava v\u00fdchod &#8211; R\u00fdma\u0159ov przed chwil\u0105 odjecha\u0142 z widocznego w tle przystanku Z\u00e1tor. Kursy z Opavy do R\u00fdma\u0159ova s\u0105 jedn\u0105 z niewielu relacji, kt\u00f3re uchroni\u0142y si\u0119 przed powiewem nowoczesno\u015bci pod handlow\u0105 nazw\u0105 regionova. Do jej obs\u0142ugi wystawiane s\u0105 dwa sk\u0142ady 810+010. 2012-10-19<\/p>\n<\/div>\n","protected":false},"excerpt":{"rendered":"<p>Poci\u0105g osobowy 23514 relacja Opava v\u00fdchod &#8211; R\u00fdma\u0159ov przed chwil\u0105 odjecha\u0142 z widocznego w tle przystanku Z\u00e1tor. Kursy z Opavy do R\u00fdma\u0159ova s\u0105 jedn\u0105 z niewielu relacji, kt\u00f3re uchroni\u0142y si\u0119 przed powiewem nowoczesno\u015bci pod handlow\u0105 nazw\u0105 regionova. Do jej obs\u0142ugi wystawiane s\u0105 dwa sk\u0142ady 810+010. 2012-10-19<\/p>\n","protected":false},"author":1,"featured_media":2180,"comment_status":"open","ping_status":"","sticky":false,"template":"","format":"standard","meta":{"footnotes":""},"categories":[2,46],"tags":[1142,92,50,49,126,1141,1140],"class_list":["post-2179","post","type-post","status-publish","format-standard","has-post-thumbnail","hentry","category-kolej","category-rok-2012","tag-2012-10-19","tag-92","tag-cd","tag-czechy","tag-jesien","tag-tab-cz310","tag-zator"],"_links":{"self":[{"href":"http:\/\/wgphoto.pl\/t\/index.php?rest_route=\/wp\/v2\/posts\/2179","targetHints":{"allow":["GET"]}}],"collection":[{"href":"http:\/\/wgphoto.pl\/t\/index.php?rest_route=\/wp\/v2\/posts"}],"about":[{"href":"http:\/\/wgphoto.pl\/t\/index.php?rest_route=\/wp\/v2\/types\/post"}],"author":[{"embeddable":true,"href":"http:\/\/wgphoto.pl\/t\/index.php?rest_route=\/wp\/v2\/users\/1"}],"replies":[{"embeddable":true,"href":"http:\/\/wgphoto.pl\/t\/index.php?rest_route=%2Fwp%2Fv2%2Fcomments&post=2179"}],"version-history":[{"count":1,"href":"http:\/\/wgphoto.pl\/t\/index.php?rest_route=\/wp\/v2\/posts\/2179\/revisions"}],"predecessor-version":[{"id":2181,"href":"http:\/\/wgphoto.pl\/t\/index.php?rest_route=\/wp\/v2\/posts\/2179\/revisions\/2181"}],"wp:featuredmedia":[{"embeddable":true,"href":"http:\/\/wgphoto.pl\/t\/index.php?rest_route=\/wp\/v2\/media\/2180"}],"wp:attachment":[{"href":"http:\/\/wgphoto.pl\/t\/index.php?rest_route=%2Fwp%2Fv2%2Fmedia&parent=2179"}],"wp:term":[{"taxonomy":"category","embeddable":true,"href":"http:\/\/wgphoto.pl\/t\/index.php?rest_route=%2Fwp%2Fv2%2Fcategories&post=2179"},{"taxonomy":"post_tag","embeddable":true,"href":"http:\/\/wgphoto.pl\/t\/index.php?rest_route=%2Fwp%2Fv2%2Ftags&post=2179"}],"curies":[{"name":"wp","href":"https:\/\/api.w.org\/{rel}","templated":true}]}}