{"id":21811,"date":"2025-09-07T14:01:19","date_gmt":"2025-09-07T12:01:19","guid":{"rendered":"https:\/\/wgphoto.pl\/t\/?p=21811"},"modified":"2025-09-07T14:01:19","modified_gmt":"2025-09-07T12:01:19","slug":"2x49","status":"publish","type":"post","link":"http:\/\/wgphoto.pl\/t\/?p=21811","title":{"rendered":"2&#215;49"},"content":{"rendered":"\n<figure class=\"wp-block-image aligncenter size-full\"><img loading=\"lazy\" decoding=\"async\" width=\"1399\" height=\"911\" src=\"https:\/\/wgphoto.pl\/t\/wp-content\/uploads\/2025\/09\/2002v-15_rsn.jpg\" alt=\"\" class=\"wp-image-21812\" srcset=\"http:\/\/wgphoto.pl\/t\/wp-content\/uploads\/2025\/09\/2002v-15_rsn.jpg 1399w, http:\/\/wgphoto.pl\/t\/wp-content\/uploads\/2025\/09\/2002v-15_rsn-300x195.jpg 300w, http:\/\/wgphoto.pl\/t\/wp-content\/uploads\/2025\/09\/2002v-15_rsn-768x500.jpg 768w\" sizes=\"auto, (max-width: 1399px) 100vw, 1399px\" \/><\/figure>\n\n\n\n<div class=\"wp-block-group has-global-padding is-layout-constrained wp-block-group-is-layout-constrained\">\n<p>Wiede\u0144, Burggasse. Na przystanku pod Volkstheater mijaj\u0105 si\u0119 sk\u0142ady E<sub>1<\/sub>+c<sub>3<\/sub> 4479+1144 i 4476+1106. 07.09.2002<\/p>\n<\/div>\n","protected":false},"excerpt":{"rendered":"<p>Wiede\u0144, Burggasse. Na przystanku pod Volkstheater mijaj\u0105 si\u0119 sk\u0142ady E1+c3 4479+1144 i 4476+1106. 07.09.2002<\/p>\n","protected":false},"author":1,"featured_media":21812,"comment_status":"open","ping_status":"","sticky":false,"template":"","format":"standard","meta":{"footnotes":""},"categories":[62,577,3],"tags":[582,9,269,102,101,389,97,98],"class_list":["post-21811","post","type-post","status-publish","format-standard","has-post-thumbnail","hentry","category-analog","category-rok-2002","category-tramwaj","tag-2002-09-07","tag-austria","tag-c3","tag-e1","tag-gt6","tag-mijanka","tag-wieden","tag-wiener-linien"],"_links":{"self":[{"href":"http:\/\/wgphoto.pl\/t\/index.php?rest_route=\/wp\/v2\/posts\/21811","targetHints":{"allow":["GET"]}}],"collection":[{"href":"http:\/\/wgphoto.pl\/t\/index.php?rest_route=\/wp\/v2\/posts"}],"about":[{"href":"http:\/\/wgphoto.pl\/t\/index.php?rest_route=\/wp\/v2\/types\/post"}],"author":[{"embeddable":true,"href":"http:\/\/wgphoto.pl\/t\/index.php?rest_route=\/wp\/v2\/users\/1"}],"replies":[{"embeddable":true,"href":"http:\/\/wgphoto.pl\/t\/index.php?rest_route=%2Fwp%2Fv2%2Fcomments&post=21811"}],"version-history":[{"count":1,"href":"http:\/\/wgphoto.pl\/t\/index.php?rest_route=\/wp\/v2\/posts\/21811\/revisions"}],"predecessor-version":[{"id":21813,"href":"http:\/\/wgphoto.pl\/t\/index.php?rest_route=\/wp\/v2\/posts\/21811\/revisions\/21813"}],"wp:featuredmedia":[{"embeddable":true,"href":"http:\/\/wgphoto.pl\/t\/index.php?rest_route=\/wp\/v2\/media\/21812"}],"wp:attachment":[{"href":"http:\/\/wgphoto.pl\/t\/index.php?rest_route=%2Fwp%2Fv2%2Fmedia&parent=21811"}],"wp:term":[{"taxonomy":"category","embeddable":true,"href":"http:\/\/wgphoto.pl\/t\/index.php?rest_route=%2Fwp%2Fv2%2Fcategories&post=21811"},{"taxonomy":"post_tag","embeddable":true,"href":"http:\/\/wgphoto.pl\/t\/index.php?rest_route=%2Fwp%2Fv2%2Ftags&post=21811"}],"curies":[{"name":"wp","href":"https:\/\/api.w.org\/{rel}","templated":true}]}}