{"id":2182,"date":"2024-10-10T16:57:46","date_gmt":"2024-10-10T14:57:46","guid":{"rendered":"https:\/\/wgphoto.pl\/t\/?p=2182"},"modified":"2024-10-10T16:57:46","modified_gmt":"2024-10-10T14:57:46","slug":"zator-pionowy","status":"publish","type":"post","link":"http:\/\/wgphoto.pl\/t\/?p=2182","title":{"rendered":"Z\u00e1tor pionowy"},"content":{"rendered":"\n<figure class=\"wp-block-image aligncenter size-full\"><img loading=\"lazy\" decoding=\"async\" width=\"600\" height=\"850\" src=\"https:\/\/wgphoto.pl\/t\/wp-content\/uploads\/2024\/10\/20131120235723_imgp0258.jpg\" alt=\"\" class=\"wp-image-2183\" srcset=\"http:\/\/wgphoto.pl\/t\/wp-content\/uploads\/2024\/10\/20131120235723_imgp0258.jpg 600w, http:\/\/wgphoto.pl\/t\/wp-content\/uploads\/2024\/10\/20131120235723_imgp0258-212x300.jpg 212w\" sizes=\"auto, (max-width: 600px) 100vw, 600px\" \/><\/figure>\n\n\n\n<div class=\"wp-block-group has-global-padding is-layout-constrained wp-block-group-is-layout-constrained\">\n<p>Szlak Milotice nad Opavou &#8211; Brantice. Op\u00f3\u017aniony rychlik 1127 relacji Olomouc hl.n. &#8211; Ostrava-Svinov \u0142apie ostatnie promienie chowaj\u0105cego si\u0119 ju\u017c za g\u00f3rami s\u0142o\u0144ca. 2012-10-19<\/p>\n<\/div>\n","protected":false},"excerpt":{"rendered":"<p>Szlak Milotice nad Opavou &#8211; Brantice. Op\u00f3\u017aniony rychlik 1127 relacji Olomouc hl.n. &#8211; Ostrava-Svinov \u0142apie ostatnie promienie chowaj\u0105cego si\u0119 ju\u017c za g\u00f3rami s\u0142o\u0144ca. 2012-10-19<\/p>\n","protected":false},"author":1,"featured_media":2183,"comment_status":"open","ping_status":"","sticky":false,"template":"","format":"standard","meta":{"footnotes":""},"categories":[2,128,46],"tags":[1142,619,50,49,126,1141,1140],"class_list":["post-2182","post","type-post","status-publish","format-standard","has-post-thumbnail","hentry","category-kolej","category-pionowe","category-rok-2012","tag-2012-10-19","tag-619","tag-cd","tag-czechy","tag-jesien","tag-tab-cz310","tag-zator"],"_links":{"self":[{"href":"http:\/\/wgphoto.pl\/t\/index.php?rest_route=\/wp\/v2\/posts\/2182","targetHints":{"allow":["GET"]}}],"collection":[{"href":"http:\/\/wgphoto.pl\/t\/index.php?rest_route=\/wp\/v2\/posts"}],"about":[{"href":"http:\/\/wgphoto.pl\/t\/index.php?rest_route=\/wp\/v2\/types\/post"}],"author":[{"embeddable":true,"href":"http:\/\/wgphoto.pl\/t\/index.php?rest_route=\/wp\/v2\/users\/1"}],"replies":[{"embeddable":true,"href":"http:\/\/wgphoto.pl\/t\/index.php?rest_route=%2Fwp%2Fv2%2Fcomments&post=2182"}],"version-history":[{"count":1,"href":"http:\/\/wgphoto.pl\/t\/index.php?rest_route=\/wp\/v2\/posts\/2182\/revisions"}],"predecessor-version":[{"id":2184,"href":"http:\/\/wgphoto.pl\/t\/index.php?rest_route=\/wp\/v2\/posts\/2182\/revisions\/2184"}],"wp:featuredmedia":[{"embeddable":true,"href":"http:\/\/wgphoto.pl\/t\/index.php?rest_route=\/wp\/v2\/media\/2183"}],"wp:attachment":[{"href":"http:\/\/wgphoto.pl\/t\/index.php?rest_route=%2Fwp%2Fv2%2Fmedia&parent=2182"}],"wp:term":[{"taxonomy":"category","embeddable":true,"href":"http:\/\/wgphoto.pl\/t\/index.php?rest_route=%2Fwp%2Fv2%2Fcategories&post=2182"},{"taxonomy":"post_tag","embeddable":true,"href":"http:\/\/wgphoto.pl\/t\/index.php?rest_route=%2Fwp%2Fv2%2Ftags&post=2182"}],"curies":[{"name":"wp","href":"https:\/\/api.w.org\/{rel}","templated":true}]}}