{"id":21823,"date":"2025-09-07T22:23:02","date_gmt":"2025-09-07T20:23:02","guid":{"rendered":"https:\/\/wgphoto.pl\/t\/?p=21823"},"modified":"2025-09-07T22:23:02","modified_gmt":"2025-09-07T20:23:02","slug":"137-kilometr-lk137","status":"publish","type":"post","link":"http:\/\/wgphoto.pl\/t\/?p=21823","title":{"rendered":"137. kilometr LK137"},"content":{"rendered":"\n<figure class=\"wp-block-image aligncenter size-full\"><img loading=\"lazy\" decoding=\"async\" width=\"1399\" height=\"933\" src=\"https:\/\/wgphoto.pl\/t\/wp-content\/uploads\/2025\/09\/DSCF1301.jpg\" alt=\"\" class=\"wp-image-21824\" srcset=\"http:\/\/wgphoto.pl\/t\/wp-content\/uploads\/2025\/09\/DSCF1301.jpg 1399w, http:\/\/wgphoto.pl\/t\/wp-content\/uploads\/2025\/09\/DSCF1301-300x200.jpg 300w, http:\/\/wgphoto.pl\/t\/wp-content\/uploads\/2025\/09\/DSCF1301-768x512.jpg 768w\" sizes=\"auto, (max-width: 1399px) 100vw, 1399px\" \/><\/figure>\n\n\n\n<div class=\"wp-block-group has-global-padding is-layout-constrained wp-block-group-is-layout-constrained\">\n<p>Poci\u0105g specjalny KSK z G\u0142ucho\u0142az do Wroc\u0142awia, prowadzony SU45-079, min\u0105\u0142 semafor wjazdowy do stacji Nysa. Po jego przeje\u017adzie ruszy\u0142 sznurek pojazd\u00f3w przez przejazd w ci\u0105gu ul. Krawieckiej, w\u015br\u00f3d nich znalaz\u0142 si\u0119 te\u017c autobus MZK i w tym kadrze wpasowa\u0142 si\u0119 idealnie. 30.08.2025<\/p>\n<\/div>\n","protected":false},"excerpt":{"rendered":"<p>Poci\u0105g specjalny KSK z G\u0142ucho\u0142az do Wroc\u0142awia, prowadzony SU45-079, min\u0105\u0142 semafor wjazdowy do stacji Nysa. Po jego przeje\u017adzie ruszy\u0142 sznurek pojazd\u00f3w przez przejazd w ci\u0105gu ul. Krawieckiej, w\u015br\u00f3d nich znalaz\u0142 si\u0119 te\u017c autobus MZK i w tym kadrze wpasowa\u0142 si\u0119 idealnie. 30.08.2025<\/p>\n","protected":false},"author":1,"featured_media":21824,"comment_status":"open","ping_status":"","sticky":false,"template":"","format":"standard","meta":{"footnotes":""},"categories":[2,3208],"tags":[4491,898,201,1236,27,139,202,290,319],"class_list":["post-21823","post","type-post","status-publish","format-standard","has-post-thumbnail","hentry","category-kolej","category-rok-2025","tag-2025-08-30","tag-autobus","tag-ksk","tag-nysa","tag-polska","tag-retro","tag-specjalny","tag-su45","tag-tab-pl235"],"_links":{"self":[{"href":"http:\/\/wgphoto.pl\/t\/index.php?rest_route=\/wp\/v2\/posts\/21823","targetHints":{"allow":["GET"]}}],"collection":[{"href":"http:\/\/wgphoto.pl\/t\/index.php?rest_route=\/wp\/v2\/posts"}],"about":[{"href":"http:\/\/wgphoto.pl\/t\/index.php?rest_route=\/wp\/v2\/types\/post"}],"author":[{"embeddable":true,"href":"http:\/\/wgphoto.pl\/t\/index.php?rest_route=\/wp\/v2\/users\/1"}],"replies":[{"embeddable":true,"href":"http:\/\/wgphoto.pl\/t\/index.php?rest_route=%2Fwp%2Fv2%2Fcomments&post=21823"}],"version-history":[{"count":1,"href":"http:\/\/wgphoto.pl\/t\/index.php?rest_route=\/wp\/v2\/posts\/21823\/revisions"}],"predecessor-version":[{"id":21825,"href":"http:\/\/wgphoto.pl\/t\/index.php?rest_route=\/wp\/v2\/posts\/21823\/revisions\/21825"}],"wp:featuredmedia":[{"embeddable":true,"href":"http:\/\/wgphoto.pl\/t\/index.php?rest_route=\/wp\/v2\/media\/21824"}],"wp:attachment":[{"href":"http:\/\/wgphoto.pl\/t\/index.php?rest_route=%2Fwp%2Fv2%2Fmedia&parent=21823"}],"wp:term":[{"taxonomy":"category","embeddable":true,"href":"http:\/\/wgphoto.pl\/t\/index.php?rest_route=%2Fwp%2Fv2%2Fcategories&post=21823"},{"taxonomy":"post_tag","embeddable":true,"href":"http:\/\/wgphoto.pl\/t\/index.php?rest_route=%2Fwp%2Fv2%2Ftags&post=21823"}],"curies":[{"name":"wp","href":"https:\/\/api.w.org\/{rel}","templated":true}]}}