{"id":21832,"date":"2025-09-08T21:19:25","date_gmt":"2025-09-08T19:19:25","guid":{"rendered":"https:\/\/wgphoto.pl\/t\/?p=21832"},"modified":"2025-09-08T21:19:45","modified_gmt":"2025-09-08T19:19:45","slug":"pod-gore-4","status":"publish","type":"post","link":"http:\/\/wgphoto.pl\/t\/?p=21832","title":{"rendered":"Pod g\u00f3r\u0119"},"content":{"rendered":"\n<figure class=\"wp-block-image aligncenter size-full\"><img loading=\"lazy\" decoding=\"async\" width=\"1400\" height=\"933\" src=\"https:\/\/wgphoto.pl\/t\/wp-content\/uploads\/2025\/09\/DSCF1251.jpg\" alt=\"\" class=\"wp-image-21833\" srcset=\"http:\/\/wgphoto.pl\/t\/wp-content\/uploads\/2025\/09\/DSCF1251.jpg 1400w, http:\/\/wgphoto.pl\/t\/wp-content\/uploads\/2025\/09\/DSCF1251-300x200.jpg 300w, http:\/\/wgphoto.pl\/t\/wp-content\/uploads\/2025\/09\/DSCF1251-768x512.jpg 768w\" sizes=\"auto, (max-width: 1400px) 100vw, 1400px\" \/><\/figure>\n\n\n\n<div class=\"wp-block-group has-global-padding is-layout-constrained wp-block-group-is-layout-constrained\">\n<p>SU45-079 z poci\u0105giem specjalnym z Wroc\u0142awia do G\u0142ucho\u0142az rozpoczyna wspinaczk\u0119 pod Starcz\u00f3w na wyje\u017adzie z Zi\u0119bic, kt\u00f3re z racji nieidealnego \u015bwiat\u0142a s\u0105 s\u0142abo widoczne w tle. Sk\u0142ad, pomimo barw &#8222;moro&#8221;, wyj\u0105tkowo dobrze odcina si\u0119 od t\u0142a. 30.08.2025<\/p>\n<\/div>\n","protected":false},"excerpt":{"rendered":"<p>SU45-079 z poci\u0105giem specjalnym z Wroc\u0142awia do G\u0142ucho\u0142az rozpoczyna wspinaczk\u0119 pod Starcz\u00f3w na wyje\u017adzie z Zi\u0119bic, kt\u00f3re z racji nieidealnego \u015bwiat\u0142a s\u0105 s\u0142abo widoczne w tle. Sk\u0142ad, pomimo barw &#8222;moro&#8221;, wyj\u0105tkowo dobrze odcina si\u0119 od t\u0142a. 30.08.2025<\/p>\n","protected":false},"author":1,"featured_media":21833,"comment_status":"open","ping_status":"","sticky":false,"template":"","format":"standard","meta":{"footnotes":""},"categories":[2,3208],"tags":[4491,201,27,139,202,653,290,383,654],"class_list":["post-21832","post","type-post","status-publish","format-standard","has-post-thumbnail","hentry","category-kolej","category-rok-2025","tag-2025-08-30","tag-ksk","tag-polska","tag-retro","tag-specjalny","tag-starczow","tag-su45","tag-tab-pl230","tag-ziebice"],"_links":{"self":[{"href":"http:\/\/wgphoto.pl\/t\/index.php?rest_route=\/wp\/v2\/posts\/21832","targetHints":{"allow":["GET"]}}],"collection":[{"href":"http:\/\/wgphoto.pl\/t\/index.php?rest_route=\/wp\/v2\/posts"}],"about":[{"href":"http:\/\/wgphoto.pl\/t\/index.php?rest_route=\/wp\/v2\/types\/post"}],"author":[{"embeddable":true,"href":"http:\/\/wgphoto.pl\/t\/index.php?rest_route=\/wp\/v2\/users\/1"}],"replies":[{"embeddable":true,"href":"http:\/\/wgphoto.pl\/t\/index.php?rest_route=%2Fwp%2Fv2%2Fcomments&post=21832"}],"version-history":[{"count":2,"href":"http:\/\/wgphoto.pl\/t\/index.php?rest_route=\/wp\/v2\/posts\/21832\/revisions"}],"predecessor-version":[{"id":21835,"href":"http:\/\/wgphoto.pl\/t\/index.php?rest_route=\/wp\/v2\/posts\/21832\/revisions\/21835"}],"wp:featuredmedia":[{"embeddable":true,"href":"http:\/\/wgphoto.pl\/t\/index.php?rest_route=\/wp\/v2\/media\/21833"}],"wp:attachment":[{"href":"http:\/\/wgphoto.pl\/t\/index.php?rest_route=%2Fwp%2Fv2%2Fmedia&parent=21832"}],"wp:term":[{"taxonomy":"category","embeddable":true,"href":"http:\/\/wgphoto.pl\/t\/index.php?rest_route=%2Fwp%2Fv2%2Fcategories&post=21832"},{"taxonomy":"post_tag","embeddable":true,"href":"http:\/\/wgphoto.pl\/t\/index.php?rest_route=%2Fwp%2Fv2%2Ftags&post=21832"}],"curies":[{"name":"wp","href":"https:\/\/api.w.org\/{rel}","templated":true}]}}