{"id":21839,"date":"2025-09-09T18:21:50","date_gmt":"2025-09-09T16:21:50","guid":{"rendered":"https:\/\/wgphoto.pl\/t\/?p=21839"},"modified":"2025-09-09T18:21:50","modified_gmt":"2025-09-09T16:21:50","slug":"jeden-z-ostatnich","status":"publish","type":"post","link":"http:\/\/wgphoto.pl\/t\/?p=21839","title":{"rendered":"Jeden z ostatnich"},"content":{"rendered":"\n<figure class=\"wp-block-image aligncenter size-full\"><img loading=\"lazy\" decoding=\"async\" width=\"1400\" height=\"927\" src=\"https:\/\/wgphoto.pl\/t\/wp-content\/uploads\/2025\/09\/IMGP0245.jpg\" alt=\"\" class=\"wp-image-21840\" srcset=\"http:\/\/wgphoto.pl\/t\/wp-content\/uploads\/2025\/09\/IMGP0245.jpg 1400w, http:\/\/wgphoto.pl\/t\/wp-content\/uploads\/2025\/09\/IMGP0245-300x199.jpg 300w, http:\/\/wgphoto.pl\/t\/wp-content\/uploads\/2025\/09\/IMGP0245-768x509.jpg 768w\" sizes=\"auto, (max-width: 1400px) 100vw, 1400px\" \/><\/figure>\n\n\n\n<div class=\"wp-block-group has-global-padding is-layout-constrained wp-block-group-is-layout-constrained\">\n<p>Jeden z ostatnich zielonych per\u0161ing\u00f3w, 163.062, z rychlikiem 793 &#8222;St\u0159ekov&#8221; relacji \u00dast\u00ed nad Labem hl.n. &#8211; Kol\u00edn mija bez zatrzymania stacj\u0119 Sebuz\u00edn, obstawion\u0105 poci\u0105gami towarowymi. 20.09.2020<\/p>\n<\/div>\n","protected":false},"excerpt":{"rendered":"<p>Jeden z ostatnich zielonych per\u0161ing\u00f3w, 163.062, z rychlikiem 793 &#8222;St\u0159ekov&#8221; relacji \u00dast\u00ed nad Labem hl.n. &#8211; Kol\u00edn mija bez zatrzymania stacj\u0119 Sebuz\u00edn, obstawion\u0105 poci\u0105gami towarowymi. 20.09.2020<\/p>\n","protected":false},"author":1,"featured_media":21840,"comment_status":"open","ping_status":"","sticky":false,"template":"","format":"standard","meta":{"footnotes":""},"categories":[2,676],"tags":[1401,2501,50,49,2003,4225,2843],"class_list":["post-21839","post","type-post","status-publish","format-standard","has-post-thumbnail","hentry","category-kolej","category-rok-2020","tag-1401","tag-2020-09-20","tag-cd","tag-czechy","tag-czeskie-wakacje-2020","tag-sebuzin","tag-tab-cz072"],"_links":{"self":[{"href":"http:\/\/wgphoto.pl\/t\/index.php?rest_route=\/wp\/v2\/posts\/21839","targetHints":{"allow":["GET"]}}],"collection":[{"href":"http:\/\/wgphoto.pl\/t\/index.php?rest_route=\/wp\/v2\/posts"}],"about":[{"href":"http:\/\/wgphoto.pl\/t\/index.php?rest_route=\/wp\/v2\/types\/post"}],"author":[{"embeddable":true,"href":"http:\/\/wgphoto.pl\/t\/index.php?rest_route=\/wp\/v2\/users\/1"}],"replies":[{"embeddable":true,"href":"http:\/\/wgphoto.pl\/t\/index.php?rest_route=%2Fwp%2Fv2%2Fcomments&post=21839"}],"version-history":[{"count":1,"href":"http:\/\/wgphoto.pl\/t\/index.php?rest_route=\/wp\/v2\/posts\/21839\/revisions"}],"predecessor-version":[{"id":21841,"href":"http:\/\/wgphoto.pl\/t\/index.php?rest_route=\/wp\/v2\/posts\/21839\/revisions\/21841"}],"wp:featuredmedia":[{"embeddable":true,"href":"http:\/\/wgphoto.pl\/t\/index.php?rest_route=\/wp\/v2\/media\/21840"}],"wp:attachment":[{"href":"http:\/\/wgphoto.pl\/t\/index.php?rest_route=%2Fwp%2Fv2%2Fmedia&parent=21839"}],"wp:term":[{"taxonomy":"category","embeddable":true,"href":"http:\/\/wgphoto.pl\/t\/index.php?rest_route=%2Fwp%2Fv2%2Fcategories&post=21839"},{"taxonomy":"post_tag","embeddable":true,"href":"http:\/\/wgphoto.pl\/t\/index.php?rest_route=%2Fwp%2Fv2%2Ftags&post=21839"}],"curies":[{"name":"wp","href":"https:\/\/api.w.org\/{rel}","templated":true}]}}