{"id":21879,"date":"2025-09-13T12:09:30","date_gmt":"2025-09-13T10:09:30","guid":{"rendered":"https:\/\/wgphoto.pl\/t\/?p=21879"},"modified":"2025-09-13T12:09:30","modified_gmt":"2025-09-13T10:09:30","slug":"staromiejskie-oblicze-ostrawy","status":"publish","type":"post","link":"http:\/\/wgphoto.pl\/t\/?p=21879","title":{"rendered":"Staromiejskie oblicze Ostrawy"},"content":{"rendered":"\n<figure class=\"wp-block-image aligncenter size-full\"><img loading=\"lazy\" decoding=\"async\" width=\"1400\" height=\"928\" src=\"https:\/\/wgphoto.pl\/t\/wp-content\/uploads\/2025\/09\/0729-08.jpg\" alt=\"\" class=\"wp-image-21880\" srcset=\"http:\/\/wgphoto.pl\/t\/wp-content\/uploads\/2025\/09\/0729-08.jpg 1400w, http:\/\/wgphoto.pl\/t\/wp-content\/uploads\/2025\/09\/0729-08-300x199.jpg 300w, http:\/\/wgphoto.pl\/t\/wp-content\/uploads\/2025\/09\/0729-08-768x509.jpg 768w\" sizes=\"auto, (max-width: 1400px) 100vw, 1400px\" \/><\/figure>\n\n\n\n<div class=\"wp-block-group has-global-padding is-layout-constrained wp-block-group-is-layout-constrained\">\n<p>Ostrawa, ul. N\u00e1dra\u017en\u00ed, T3G 984+980 jedzie w kierunku centrum. Trasa z kolejowego dworca g\u0142\u00f3wnego to jedyny d\u0142u\u017cszy odcinek ostrawskiej sieci tramwajowej wiod\u0105cy w\u015br\u00f3d zwartej \u015br\u00f3dmiejskiej zabudowy. 12.09.2007<\/p>\n<\/div>\n","protected":false},"excerpt":{"rendered":"<p>Ostrawa, ul. N\u00e1dra\u017en\u00ed, T3G 984+980 jedzie w kierunku centrum. Trasa z kolejowego dworca g\u0142\u00f3wnego to jedyny d\u0142u\u017cszy odcinek ostrawskiej sieci tramwajowej wiod\u0105cy w\u015br\u00f3d zwartej \u015br\u00f3dmiejskiej zabudowy. 12.09.2007<\/p>\n","protected":false},"author":1,"featured_media":21880,"comment_status":"open","ping_status":"","sticky":false,"template":"","format":"standard","meta":{"footnotes":""},"categories":[62,96,3],"tags":[1738,49,2147,13,899,897,1011],"class_list":["post-21879","post","type-post","status-publish","format-standard","has-post-thumbnail","hentry","category-analog","category-rok-2007","category-tramwaj","tag-2007-09-12","tag-czechy","tag-czechy-po-raz-pierwszy","tag-deszcz","tag-dp-ostrava","tag-ostrawa","tag-tatra-t3"],"_links":{"self":[{"href":"http:\/\/wgphoto.pl\/t\/index.php?rest_route=\/wp\/v2\/posts\/21879","targetHints":{"allow":["GET"]}}],"collection":[{"href":"http:\/\/wgphoto.pl\/t\/index.php?rest_route=\/wp\/v2\/posts"}],"about":[{"href":"http:\/\/wgphoto.pl\/t\/index.php?rest_route=\/wp\/v2\/types\/post"}],"author":[{"embeddable":true,"href":"http:\/\/wgphoto.pl\/t\/index.php?rest_route=\/wp\/v2\/users\/1"}],"replies":[{"embeddable":true,"href":"http:\/\/wgphoto.pl\/t\/index.php?rest_route=%2Fwp%2Fv2%2Fcomments&post=21879"}],"version-history":[{"count":1,"href":"http:\/\/wgphoto.pl\/t\/index.php?rest_route=\/wp\/v2\/posts\/21879\/revisions"}],"predecessor-version":[{"id":21881,"href":"http:\/\/wgphoto.pl\/t\/index.php?rest_route=\/wp\/v2\/posts\/21879\/revisions\/21881"}],"wp:featuredmedia":[{"embeddable":true,"href":"http:\/\/wgphoto.pl\/t\/index.php?rest_route=\/wp\/v2\/media\/21880"}],"wp:attachment":[{"href":"http:\/\/wgphoto.pl\/t\/index.php?rest_route=%2Fwp%2Fv2%2Fmedia&parent=21879"}],"wp:term":[{"taxonomy":"category","embeddable":true,"href":"http:\/\/wgphoto.pl\/t\/index.php?rest_route=%2Fwp%2Fv2%2Fcategories&post=21879"},{"taxonomy":"post_tag","embeddable":true,"href":"http:\/\/wgphoto.pl\/t\/index.php?rest_route=%2Fwp%2Fv2%2Ftags&post=21879"}],"curies":[{"name":"wp","href":"https:\/\/api.w.org\/{rel}","templated":true}]}}