{"id":21888,"date":"2025-09-13T12:12:30","date_gmt":"2025-09-13T10:12:30","guid":{"rendered":"https:\/\/wgphoto.pl\/t\/?p=21888"},"modified":"2025-09-13T12:12:30","modified_gmt":"2025-09-13T10:12:30","slug":"tatra-i-wielki-piec","status":"publish","type":"post","link":"http:\/\/wgphoto.pl\/t\/?p=21888","title":{"rendered":"Tatra i wielki piec"},"content":{"rendered":"\n<figure class=\"wp-block-image aligncenter size-full\"><img loading=\"lazy\" decoding=\"async\" width=\"1400\" height=\"910\" src=\"https:\/\/wgphoto.pl\/t\/wp-content\/uploads\/2025\/09\/0729-16.jpg\" alt=\"\" class=\"wp-image-21889\" srcset=\"http:\/\/wgphoto.pl\/t\/wp-content\/uploads\/2025\/09\/0729-16.jpg 1400w, http:\/\/wgphoto.pl\/t\/wp-content\/uploads\/2025\/09\/0729-16-300x195.jpg 300w, http:\/\/wgphoto.pl\/t\/wp-content\/uploads\/2025\/09\/0729-16-768x499.jpg 768w\" sizes=\"auto, (max-width: 1400px) 100vw, 1400px\" \/><\/figure>\n\n\n\n<div class=\"wp-block-group has-global-padding is-layout-constrained wp-block-group-is-layout-constrained\">\n<p>Wagon T3G 1046 na wspomagaj\u0105cej, szczytowej linii 13, skr\u0119ca z ul. M\u00edsteckiej w Rusk\u0105 obok przystanku, kt\u00f3ry w\u00f3wczas nosi\u0142 nazw\u0119 V\u00edtkovice Vysok\u00e9 pece. Dzi\u015b Doln\u00ed V\u00edtkovice s\u0105 atrakcj\u0105 turystyczn\u0105, a na wielkim piecu ze zdj\u0119cia zorganizowano punkt widokowy. 12.09.2007<\/p>\n<\/div>\n","protected":false},"excerpt":{"rendered":"<p>Wagon T3G 1046 na wspomagaj\u0105cej, szczytowej linii 13, skr\u0119ca z ul. M\u00edsteckiej w Rusk\u0105 obok przystanku, kt\u00f3ry w\u00f3wczas nosi\u0142 nazw\u0119 V\u00edtkovice Vysok\u00e9 pece. Dzi\u015b Doln\u00ed V\u00edtkovice s\u0105 atrakcj\u0105 turystyczn\u0105, a na wielkim piecu ze zdj\u0119cia zorganizowano punkt widokowy. 12.09.2007<\/p>\n","protected":false},"author":1,"featured_media":21889,"comment_status":"open","ping_status":"","sticky":false,"template":"","format":"standard","meta":{"footnotes":""},"categories":[62,96,3],"tags":[1738,49,2147,899,303,897,1011],"class_list":["post-21888","post","type-post","status-publish","format-standard","has-post-thumbnail","hentry","category-analog","category-rok-2007","category-tramwaj","tag-2007-09-12","tag-czechy","tag-czechy-po-raz-pierwszy","tag-dp-ostrava","tag-industrial","tag-ostrawa","tag-tatra-t3"],"_links":{"self":[{"href":"http:\/\/wgphoto.pl\/t\/index.php?rest_route=\/wp\/v2\/posts\/21888","targetHints":{"allow":["GET"]}}],"collection":[{"href":"http:\/\/wgphoto.pl\/t\/index.php?rest_route=\/wp\/v2\/posts"}],"about":[{"href":"http:\/\/wgphoto.pl\/t\/index.php?rest_route=\/wp\/v2\/types\/post"}],"author":[{"embeddable":true,"href":"http:\/\/wgphoto.pl\/t\/index.php?rest_route=\/wp\/v2\/users\/1"}],"replies":[{"embeddable":true,"href":"http:\/\/wgphoto.pl\/t\/index.php?rest_route=%2Fwp%2Fv2%2Fcomments&post=21888"}],"version-history":[{"count":1,"href":"http:\/\/wgphoto.pl\/t\/index.php?rest_route=\/wp\/v2\/posts\/21888\/revisions"}],"predecessor-version":[{"id":21890,"href":"http:\/\/wgphoto.pl\/t\/index.php?rest_route=\/wp\/v2\/posts\/21888\/revisions\/21890"}],"wp:featuredmedia":[{"embeddable":true,"href":"http:\/\/wgphoto.pl\/t\/index.php?rest_route=\/wp\/v2\/media\/21889"}],"wp:attachment":[{"href":"http:\/\/wgphoto.pl\/t\/index.php?rest_route=%2Fwp%2Fv2%2Fmedia&parent=21888"}],"wp:term":[{"taxonomy":"category","embeddable":true,"href":"http:\/\/wgphoto.pl\/t\/index.php?rest_route=%2Fwp%2Fv2%2Fcategories&post=21888"},{"taxonomy":"post_tag","embeddable":true,"href":"http:\/\/wgphoto.pl\/t\/index.php?rest_route=%2Fwp%2Fv2%2Ftags&post=21888"}],"curies":[{"name":"wp","href":"https:\/\/api.w.org\/{rel}","templated":true}]}}