{"id":21896,"date":"2025-09-13T12:16:51","date_gmt":"2025-09-13T10:16:51","guid":{"rendered":"https:\/\/wgphoto.pl\/t\/?p=21896"},"modified":"2025-09-13T12:52:09","modified_gmt":"2025-09-13T10:52:09","slug":"przystanek-czechoslowacki-2","status":"publish","type":"post","link":"http:\/\/wgphoto.pl\/t\/?p=21896","title":{"rendered":"Przystanek czechos\u0142owacki"},"content":{"rendered":"\n<figure class=\"wp-block-image aligncenter size-full\"><img loading=\"lazy\" decoding=\"async\" width=\"1400\" height=\"928\" src=\"https:\/\/wgphoto.pl\/t\/wp-content\/uploads\/2025\/09\/0729-37.jpg\" alt=\"\" class=\"wp-image-21897\" srcset=\"http:\/\/wgphoto.pl\/t\/wp-content\/uploads\/2025\/09\/0729-37.jpg 1400w, http:\/\/wgphoto.pl\/t\/wp-content\/uploads\/2025\/09\/0729-37-300x199.jpg 300w, http:\/\/wgphoto.pl\/t\/wp-content\/uploads\/2025\/09\/0729-37-768x509.jpg 768w\" sizes=\"auto, (max-width: 1400px) 100vw, 1400px\" \/><\/figure>\n\n\n\n<div class=\"wp-block-group has-global-padding is-layout-constrained wp-block-group-is-layout-constrained\">\n<p>O\u0142omuniec, Hodolansk\u00e1 ulice. Sk\u0142ad T3R.P 171+173 jedzie w kierunku p\u0119tli Pavlovi\u010dky. Na zdj\u0119ciu wida\u0107 tak\u017ce, jak &#8211; w bardzo typowy dla Czech spos\u00f3b &#8211; zorganizowano ruch w rejonie przystanku tramwajowego. 13.09.2007<\/p>\n<\/div>\n","protected":false},"excerpt":{"rendered":"<p>O\u0142omuniec, Hodolansk\u00e1 ulice. Sk\u0142ad T3R.P 171+173 jedzie w kierunku p\u0119tli Pavlovi\u010dky. Na zdj\u0119ciu wida\u0107 tak\u017ce, jak &#8211; w bardzo typowy dla Czech spos\u00f3b &#8211; zorganizowano ruch w rejonie przystanku tramwajowego. 13.09.2007<\/p>\n","protected":false},"author":1,"featured_media":21897,"comment_status":"open","ping_status":"","sticky":false,"template":"","format":"standard","meta":{"footnotes":""},"categories":[62,96,3],"tags":[2145,418,49,2147,1013,1012,219,1011],"class_list":["post-21896","post","type-post","status-publish","format-standard","has-post-thumbnail","hentry","category-analog","category-rok-2007","category-tramwaj","tag-2007-09-13","tag-auto","tag-czechy","tag-czechy-po-raz-pierwszy","tag-dpmo-olomouc","tag-olomuniec","tag-przystanek","tag-tatra-t3"],"_links":{"self":[{"href":"http:\/\/wgphoto.pl\/t\/index.php?rest_route=\/wp\/v2\/posts\/21896","targetHints":{"allow":["GET"]}}],"collection":[{"href":"http:\/\/wgphoto.pl\/t\/index.php?rest_route=\/wp\/v2\/posts"}],"about":[{"href":"http:\/\/wgphoto.pl\/t\/index.php?rest_route=\/wp\/v2\/types\/post"}],"author":[{"embeddable":true,"href":"http:\/\/wgphoto.pl\/t\/index.php?rest_route=\/wp\/v2\/users\/1"}],"replies":[{"embeddable":true,"href":"http:\/\/wgphoto.pl\/t\/index.php?rest_route=%2Fwp%2Fv2%2Fcomments&post=21896"}],"version-history":[{"count":2,"href":"http:\/\/wgphoto.pl\/t\/index.php?rest_route=\/wp\/v2\/posts\/21896\/revisions"}],"predecessor-version":[{"id":21931,"href":"http:\/\/wgphoto.pl\/t\/index.php?rest_route=\/wp\/v2\/posts\/21896\/revisions\/21931"}],"wp:featuredmedia":[{"embeddable":true,"href":"http:\/\/wgphoto.pl\/t\/index.php?rest_route=\/wp\/v2\/media\/21897"}],"wp:attachment":[{"href":"http:\/\/wgphoto.pl\/t\/index.php?rest_route=%2Fwp%2Fv2%2Fmedia&parent=21896"}],"wp:term":[{"taxonomy":"category","embeddable":true,"href":"http:\/\/wgphoto.pl\/t\/index.php?rest_route=%2Fwp%2Fv2%2Fcategories&post=21896"},{"taxonomy":"post_tag","embeddable":true,"href":"http:\/\/wgphoto.pl\/t\/index.php?rest_route=%2Fwp%2Fv2%2Ftags&post=21896"}],"curies":[{"name":"wp","href":"https:\/\/api.w.org\/{rel}","templated":true}]}}