{"id":21913,"date":"2025-09-13T12:22:17","date_gmt":"2025-09-13T10:22:17","guid":{"rendered":"https:\/\/wgphoto.pl\/t\/?p=21913"},"modified":"2025-09-13T12:22:17","modified_gmt":"2025-09-13T10:22:17","slug":"eklektyzm-i-awaryjna-sluzba","status":"publish","type":"post","link":"http:\/\/wgphoto.pl\/t\/?p=21913","title":{"rendered":"Eklektyzm i awaryjna s\u0142u\u017cba"},"content":{"rendered":"\n<figure class=\"wp-block-image aligncenter size-full\"><img loading=\"lazy\" decoding=\"async\" width=\"1400\" height=\"928\" src=\"https:\/\/wgphoto.pl\/t\/wp-content\/uploads\/2025\/09\/0730-08.jpg\" alt=\"\" class=\"wp-image-21914\" srcset=\"http:\/\/wgphoto.pl\/t\/wp-content\/uploads\/2025\/09\/0730-08.jpg 1400w, http:\/\/wgphoto.pl\/t\/wp-content\/uploads\/2025\/09\/0730-08-300x199.jpg 300w, http:\/\/wgphoto.pl\/t\/wp-content\/uploads\/2025\/09\/0730-08-768x509.jpg 768w\" sizes=\"auto, (max-width: 1400px) 100vw, 1400px\" \/><\/figure>\n\n\n\n<div class=\"wp-block-group has-global-padding is-layout-constrained wp-block-group-is-layout-constrained\">\n<p>O\u0142omuniec, ul. Palack\u00e9ho. \u0160koda 03T 203 mija eklektyczn\u0105 zabudow\u0119. W latach 1998-1999 do O\u0142omu\u0144ca trafi\u0142y 4 takie \u0160kody. By\u0142y to pierwsze niskopod\u0142ogowe tramwaje w mie\u015bcie. Do dzi\u015b w ruchu pozostaje tylko jeden z nich &#8211; ten ze zdj\u0119cia, pozosta\u0142e trzy wycofano z ruchu w latach 2023-2025. Warto r\u00f3wnie\u017c zwr\u00f3ci\u0107 uwag\u0119 na auto z napisem &#8222;havarijn\u00ed slu\u017eba&#8221; &#8211; ciekawe jakie awarie ta s\u0142u\u017cba usuwa\u0142a. \ud83d\ude42 13.09.2007<\/p>\n<\/div>\n","protected":false},"excerpt":{"rendered":"<p>O\u0142omuniec, ul. Palack\u00e9ho. \u0160koda 03T 203 mija eklektyczn\u0105 zabudow\u0119. W latach 1998-1999 do O\u0142omu\u0144ca trafi\u0142y 4 takie \u0160kody. By\u0142y to pierwsze niskopod\u0142ogowe tramwaje w mie\u015bcie. Do dzi\u015b w ruchu pozostaje tylko jeden z nich &#8211; ten ze zdj\u0119cia, pozosta\u0142e trzy wycofano z ruchu w latach 2023-2025. Warto r\u00f3wnie\u017c zwr\u00f3ci\u0107 uwag\u0119 na auto z napisem &#8222;havarijn\u00ed [&hellip;]<\/p>\n","protected":false},"author":1,"featured_media":21914,"comment_status":"open","ping_status":"","sticky":false,"template":"","format":"standard","meta":{"footnotes":""},"categories":[62,96,3],"tags":[2145,34,418,49,2147,1013,1012,1098],"class_list":["post-21913","post","type-post","status-publish","format-standard","has-post-thumbnail","hentry","category-analog","category-rok-2007","category-tramwaj","tag-2007-09-13","tag-architektura","tag-auto","tag-czechy","tag-czechy-po-raz-pierwszy","tag-dpmo-olomouc","tag-olomuniec","tag-skoda-03t"],"_links":{"self":[{"href":"http:\/\/wgphoto.pl\/t\/index.php?rest_route=\/wp\/v2\/posts\/21913","targetHints":{"allow":["GET"]}}],"collection":[{"href":"http:\/\/wgphoto.pl\/t\/index.php?rest_route=\/wp\/v2\/posts"}],"about":[{"href":"http:\/\/wgphoto.pl\/t\/index.php?rest_route=\/wp\/v2\/types\/post"}],"author":[{"embeddable":true,"href":"http:\/\/wgphoto.pl\/t\/index.php?rest_route=\/wp\/v2\/users\/1"}],"replies":[{"embeddable":true,"href":"http:\/\/wgphoto.pl\/t\/index.php?rest_route=%2Fwp%2Fv2%2Fcomments&post=21913"}],"version-history":[{"count":1,"href":"http:\/\/wgphoto.pl\/t\/index.php?rest_route=\/wp\/v2\/posts\/21913\/revisions"}],"predecessor-version":[{"id":21915,"href":"http:\/\/wgphoto.pl\/t\/index.php?rest_route=\/wp\/v2\/posts\/21913\/revisions\/21915"}],"wp:featuredmedia":[{"embeddable":true,"href":"http:\/\/wgphoto.pl\/t\/index.php?rest_route=\/wp\/v2\/media\/21914"}],"wp:attachment":[{"href":"http:\/\/wgphoto.pl\/t\/index.php?rest_route=%2Fwp%2Fv2%2Fmedia&parent=21913"}],"wp:term":[{"taxonomy":"category","embeddable":true,"href":"http:\/\/wgphoto.pl\/t\/index.php?rest_route=%2Fwp%2Fv2%2Fcategories&post=21913"},{"taxonomy":"post_tag","embeddable":true,"href":"http:\/\/wgphoto.pl\/t\/index.php?rest_route=%2Fwp%2Fv2%2Ftags&post=21913"}],"curies":[{"name":"wp","href":"https:\/\/api.w.org\/{rel}","templated":true}]}}