{"id":21916,"date":"2025-09-13T12:23:06","date_gmt":"2025-09-13T10:23:06","guid":{"rendered":"https:\/\/wgphoto.pl\/t\/?p=21916"},"modified":"2025-09-13T12:23:06","modified_gmt":"2025-09-13T10:23:06","slug":"stare-logo-dpmo","status":"publish","type":"post","link":"http:\/\/wgphoto.pl\/t\/?p=21916","title":{"rendered":"Stare logo DPMO"},"content":{"rendered":"\n<figure class=\"wp-block-image aligncenter size-full\"><img loading=\"lazy\" decoding=\"async\" width=\"1000\" height=\"1000\" src=\"https:\/\/wgphoto.pl\/t\/wp-content\/uploads\/2025\/09\/0730-11.jpg\" alt=\"\" class=\"wp-image-21917\" srcset=\"http:\/\/wgphoto.pl\/t\/wp-content\/uploads\/2025\/09\/0730-11.jpg 1000w, http:\/\/wgphoto.pl\/t\/wp-content\/uploads\/2025\/09\/0730-11-300x300.jpg 300w, http:\/\/wgphoto.pl\/t\/wp-content\/uploads\/2025\/09\/0730-11-150x150.jpg 150w, http:\/\/wgphoto.pl\/t\/wp-content\/uploads\/2025\/09\/0730-11-768x768.jpg 768w\" sizes=\"auto, (max-width: 1000px) 100vw, 1000px\" \/><\/figure>\n\n\n\n<div class=\"wp-block-group has-global-padding is-layout-constrained wp-block-group-is-layout-constrained\">\n<p>O\u0142omuniec, ul. Palack\u00e9ho. Podobny lecz cia\u015bniejszy kadr wzgl\u0119dem poprzedniego wype\u0142nia Tatra T3R.P 178+179. Dopiero na zdj\u0119ciu zwr\u00f3ci\u0142em uwag\u0119 na dziwne (starsze?) logo DPMO na czole. 13.09.2007<\/p>\n<\/div>\n","protected":false},"excerpt":{"rendered":"<p>O\u0142omuniec, ul. Palack\u00e9ho. Podobny lecz cia\u015bniejszy kadr wzgl\u0119dem poprzedniego wype\u0142nia Tatra T3R.P 178+179. Dopiero na zdj\u0119ciu zwr\u00f3ci\u0142em uwag\u0119 na dziwne (starsze?) logo DPMO na czole. 13.09.2007<\/p>\n","protected":false},"author":1,"featured_media":21917,"comment_status":"open","ping_status":"","sticky":false,"template":"","format":"standard","meta":{"footnotes":""},"categories":[62,96,3],"tags":[2145,49,2147,1013,1012,1011],"class_list":["post-21916","post","type-post","status-publish","format-standard","has-post-thumbnail","hentry","category-analog","category-rok-2007","category-tramwaj","tag-2007-09-13","tag-czechy","tag-czechy-po-raz-pierwszy","tag-dpmo-olomouc","tag-olomuniec","tag-tatra-t3"],"_links":{"self":[{"href":"http:\/\/wgphoto.pl\/t\/index.php?rest_route=\/wp\/v2\/posts\/21916","targetHints":{"allow":["GET"]}}],"collection":[{"href":"http:\/\/wgphoto.pl\/t\/index.php?rest_route=\/wp\/v2\/posts"}],"about":[{"href":"http:\/\/wgphoto.pl\/t\/index.php?rest_route=\/wp\/v2\/types\/post"}],"author":[{"embeddable":true,"href":"http:\/\/wgphoto.pl\/t\/index.php?rest_route=\/wp\/v2\/users\/1"}],"replies":[{"embeddable":true,"href":"http:\/\/wgphoto.pl\/t\/index.php?rest_route=%2Fwp%2Fv2%2Fcomments&post=21916"}],"version-history":[{"count":1,"href":"http:\/\/wgphoto.pl\/t\/index.php?rest_route=\/wp\/v2\/posts\/21916\/revisions"}],"predecessor-version":[{"id":21918,"href":"http:\/\/wgphoto.pl\/t\/index.php?rest_route=\/wp\/v2\/posts\/21916\/revisions\/21918"}],"wp:featuredmedia":[{"embeddable":true,"href":"http:\/\/wgphoto.pl\/t\/index.php?rest_route=\/wp\/v2\/media\/21917"}],"wp:attachment":[{"href":"http:\/\/wgphoto.pl\/t\/index.php?rest_route=%2Fwp%2Fv2%2Fmedia&parent=21916"}],"wp:term":[{"taxonomy":"category","embeddable":true,"href":"http:\/\/wgphoto.pl\/t\/index.php?rest_route=%2Fwp%2Fv2%2Fcategories&post=21916"},{"taxonomy":"post_tag","embeddable":true,"href":"http:\/\/wgphoto.pl\/t\/index.php?rest_route=%2Fwp%2Fv2%2Ftags&post=21916"}],"curies":[{"name":"wp","href":"https:\/\/api.w.org\/{rel}","templated":true}]}}