{"id":21925,"date":"2025-09-13T12:25:18","date_gmt":"2025-09-13T10:25:18","guid":{"rendered":"https:\/\/wgphoto.pl\/t\/?p=21925"},"modified":"2025-09-13T12:25:18","modified_gmt":"2025-09-13T10:25:18","slug":"tramwaj-na-podworku","status":"publish","type":"post","link":"http:\/\/wgphoto.pl\/t\/?p=21925","title":{"rendered":"Tramwaj na podw\u00f3rku"},"content":{"rendered":"\n<figure class=\"wp-block-image aligncenter size-full\"><img loading=\"lazy\" decoding=\"async\" width=\"1400\" height=\"928\" src=\"https:\/\/wgphoto.pl\/t\/wp-content\/uploads\/2025\/09\/0730-25.jpg\" alt=\"\" class=\"wp-image-21926\" srcset=\"http:\/\/wgphoto.pl\/t\/wp-content\/uploads\/2025\/09\/0730-25.jpg 1400w, http:\/\/wgphoto.pl\/t\/wp-content\/uploads\/2025\/09\/0730-25-300x199.jpg 300w, http:\/\/wgphoto.pl\/t\/wp-content\/uploads\/2025\/09\/0730-25-768x509.jpg 768w\" sizes=\"auto, (max-width: 1400px) 100vw, 1400px\" \/><\/figure>\n\n\n\n<div class=\"wp-block-group has-global-padding is-layout-constrained wp-block-group-is-layout-constrained\">\n<p>Tramwaj na podw\u00f3rku? Spokojnie, to tylko tory odstawcze przy zajezdni, po\u0142o\u017cone w bezpo\u015brednim s\u0105siedztwie starego miasta w O\u0142omu\u0144cu. Na placu w dzie\u0144 roboczy w okolicach o godziny 13 pozosta\u0142 tylko jeden sk\u0142ad &#8211; T3SUCS 150+151. 13.09.2007<\/p>\n<\/div>\n","protected":false},"excerpt":{"rendered":"<p>Tramwaj na podw\u00f3rku? Spokojnie, to tylko tory odstawcze przy zajezdni, po\u0142o\u017cone w bezpo\u015brednim s\u0105siedztwie starego miasta w O\u0142omu\u0144cu. Na placu w dzie\u0144 roboczy w okolicach o godziny 13 pozosta\u0142 tylko jeden sk\u0142ad &#8211; T3SUCS 150+151. 13.09.2007<\/p>\n","protected":false},"author":1,"featured_media":21926,"comment_status":"open","ping_status":"","sticky":false,"template":"","format":"standard","meta":{"footnotes":""},"categories":[62,96,3],"tags":[2145,49,2147,1013,1012,1011,138],"class_list":["post-21925","post","type-post","status-publish","format-standard","has-post-thumbnail","hentry","category-analog","category-rok-2007","category-tramwaj","tag-2007-09-13","tag-czechy","tag-czechy-po-raz-pierwszy","tag-dpmo-olomouc","tag-olomuniec","tag-tatra-t3","tag-zajezdnia"],"_links":{"self":[{"href":"http:\/\/wgphoto.pl\/t\/index.php?rest_route=\/wp\/v2\/posts\/21925","targetHints":{"allow":["GET"]}}],"collection":[{"href":"http:\/\/wgphoto.pl\/t\/index.php?rest_route=\/wp\/v2\/posts"}],"about":[{"href":"http:\/\/wgphoto.pl\/t\/index.php?rest_route=\/wp\/v2\/types\/post"}],"author":[{"embeddable":true,"href":"http:\/\/wgphoto.pl\/t\/index.php?rest_route=\/wp\/v2\/users\/1"}],"replies":[{"embeddable":true,"href":"http:\/\/wgphoto.pl\/t\/index.php?rest_route=%2Fwp%2Fv2%2Fcomments&post=21925"}],"version-history":[{"count":1,"href":"http:\/\/wgphoto.pl\/t\/index.php?rest_route=\/wp\/v2\/posts\/21925\/revisions"}],"predecessor-version":[{"id":21927,"href":"http:\/\/wgphoto.pl\/t\/index.php?rest_route=\/wp\/v2\/posts\/21925\/revisions\/21927"}],"wp:featuredmedia":[{"embeddable":true,"href":"http:\/\/wgphoto.pl\/t\/index.php?rest_route=\/wp\/v2\/media\/21926"}],"wp:attachment":[{"href":"http:\/\/wgphoto.pl\/t\/index.php?rest_route=%2Fwp%2Fv2%2Fmedia&parent=21925"}],"wp:term":[{"taxonomy":"category","embeddable":true,"href":"http:\/\/wgphoto.pl\/t\/index.php?rest_route=%2Fwp%2Fv2%2Fcategories&post=21925"},{"taxonomy":"post_tag","embeddable":true,"href":"http:\/\/wgphoto.pl\/t\/index.php?rest_route=%2Fwp%2Fv2%2Ftags&post=21925"}],"curies":[{"name":"wp","href":"https:\/\/api.w.org\/{rel}","templated":true}]}}