{"id":21940,"date":"2025-09-14T14:07:00","date_gmt":"2025-09-14T12:07:00","guid":{"rendered":"https:\/\/wgphoto.pl\/t\/?p=21940"},"modified":"2025-09-14T14:07:00","modified_gmt":"2025-09-14T12:07:00","slug":"kalsa-z-kladki","status":"publish","type":"post","link":"http:\/\/wgphoto.pl\/t\/?p=21940","title":{"rendered":"Kal\u0161a z k\u0142adki"},"content":{"rendered":"\n<figure class=\"wp-block-image aligncenter size-full\"><img loading=\"lazy\" decoding=\"async\" width=\"1400\" height=\"875\" src=\"https:\/\/wgphoto.pl\/t\/wp-content\/uploads\/2025\/09\/IMGP9462.jpg\" alt=\"\" class=\"wp-image-21941\" srcset=\"http:\/\/wgphoto.pl\/t\/wp-content\/uploads\/2025\/09\/IMGP9462.jpg 1400w, http:\/\/wgphoto.pl\/t\/wp-content\/uploads\/2025\/09\/IMGP9462-300x188.jpg 300w, http:\/\/wgphoto.pl\/t\/wp-content\/uploads\/2025\/09\/IMGP9462-768x480.jpg 768w\" sizes=\"auto, (max-width: 1400px) 100vw, 1400px\" \/><\/figure>\n\n\n\n<div class=\"wp-block-group has-global-padding is-layout-constrained wp-block-group-is-layout-constrained\">\n<p>757.021 o imieniu Jo\u017eko z poci\u0105giem REX 1901 &#8222;Abov&#8221; relacji Ko\u0161ice &#8211; Humenn\u00e9 p\u0119dzi szlakiem Slanec &#8211; V\u00fdh. Slivn\u00edk, mijaj\u0105c przystanek Kal\u0161a. 13.08.2020<\/p>\n<\/div>\n","protected":false},"excerpt":{"rendered":"<p>757.021 o imieniu Jo\u017eko z poci\u0105giem REX 1901 &#8222;Abov&#8221; relacji Ko\u0161ice &#8211; Humenn\u00e9 p\u0119dzi szlakiem Slanec &#8211; V\u00fdh. Slivn\u00edk, mijaj\u0105c przystanek Kal\u0161a. 13.08.2020<\/p>\n","protected":false},"author":1,"featured_media":21941,"comment_status":"open","ping_status":"","sticky":false,"template":"","format":"standard","meta":{"footnotes":""},"categories":[2,676],"tags":[2469,2071,4513,678,675,469],"class_list":["post-21940","post","type-post","status-publish","format-standard","has-post-thumbnail","hentry","category-kolej","category-rok-2020","tag-2020-08-13","tag-2071","tag-kalsa","tag-slovensko-uhersko-2020","tag-slowacja","tag-zssk"],"_links":{"self":[{"href":"http:\/\/wgphoto.pl\/t\/index.php?rest_route=\/wp\/v2\/posts\/21940","targetHints":{"allow":["GET"]}}],"collection":[{"href":"http:\/\/wgphoto.pl\/t\/index.php?rest_route=\/wp\/v2\/posts"}],"about":[{"href":"http:\/\/wgphoto.pl\/t\/index.php?rest_route=\/wp\/v2\/types\/post"}],"author":[{"embeddable":true,"href":"http:\/\/wgphoto.pl\/t\/index.php?rest_route=\/wp\/v2\/users\/1"}],"replies":[{"embeddable":true,"href":"http:\/\/wgphoto.pl\/t\/index.php?rest_route=%2Fwp%2Fv2%2Fcomments&post=21940"}],"version-history":[{"count":1,"href":"http:\/\/wgphoto.pl\/t\/index.php?rest_route=\/wp\/v2\/posts\/21940\/revisions"}],"predecessor-version":[{"id":21942,"href":"http:\/\/wgphoto.pl\/t\/index.php?rest_route=\/wp\/v2\/posts\/21940\/revisions\/21942"}],"wp:featuredmedia":[{"embeddable":true,"href":"http:\/\/wgphoto.pl\/t\/index.php?rest_route=\/wp\/v2\/media\/21941"}],"wp:attachment":[{"href":"http:\/\/wgphoto.pl\/t\/index.php?rest_route=%2Fwp%2Fv2%2Fmedia&parent=21940"}],"wp:term":[{"taxonomy":"category","embeddable":true,"href":"http:\/\/wgphoto.pl\/t\/index.php?rest_route=%2Fwp%2Fv2%2Fcategories&post=21940"},{"taxonomy":"post_tag","embeddable":true,"href":"http:\/\/wgphoto.pl\/t\/index.php?rest_route=%2Fwp%2Fv2%2Ftags&post=21940"}],"curies":[{"name":"wp","href":"https:\/\/api.w.org\/{rel}","templated":true}]}}