{"id":21943,"date":"2025-09-14T14:07:46","date_gmt":"2025-09-14T12:07:46","guid":{"rendered":"https:\/\/wgphoto.pl\/t\/?p=21943"},"modified":"2025-09-14T14:07:46","modified_gmt":"2025-09-14T12:07:46","slug":"kalsa-z-kladka","status":"publish","type":"post","link":"http:\/\/wgphoto.pl\/t\/?p=21943","title":{"rendered":"Kal\u0161a z k\u0142adk\u0105"},"content":{"rendered":"\n<figure class=\"wp-block-image aligncenter size-full\"><img loading=\"lazy\" decoding=\"async\" width=\"1400\" height=\"927\" src=\"https:\/\/wgphoto.pl\/t\/wp-content\/uploads\/2025\/09\/IMGP6581.jpg\" alt=\"\" class=\"wp-image-21944\" srcset=\"http:\/\/wgphoto.pl\/t\/wp-content\/uploads\/2025\/09\/IMGP6581.jpg 1400w, http:\/\/wgphoto.pl\/t\/wp-content\/uploads\/2025\/09\/IMGP6581-300x199.jpg 300w, http:\/\/wgphoto.pl\/t\/wp-content\/uploads\/2025\/09\/IMGP6581-768x509.jpg 768w\" sizes=\"auto, (max-width: 1400px) 100vw, 1400px\" \/><\/figure>\n\n\n\n<div class=\"wp-block-group has-global-padding is-layout-constrained wp-block-group-is-layout-constrained\">\n<p>757.011 z poci\u0105giem EN 443 &#8222;Slovakia&#8221; relacji Praha hl.n. &#8211; Michalovce (i dalej ZKA do Humenn\u00e9ho, trwa\u0142a bowiem przebudowa wraz z elektryfikacj\u0105) p\u0119dzi szlakiem Slanec &#8211; V\u00fdh. Slivn\u00edk, mijaj\u0105c przystanek Kal\u0161a. 03.05.2024<\/p>\n<\/div>\n","protected":false},"excerpt":{"rendered":"<p>757.011 z poci\u0105giem EN 443 &#8222;Slovakia&#8221; relacji Praha hl.n. &#8211; Michalovce (i dalej ZKA do Humenn\u00e9ho, trwa\u0142a bowiem przebudowa wraz z elektryfikacj\u0105) p\u0119dzi szlakiem Slanec &#8211; V\u00fdh. Slivn\u00edk, mijaj\u0105c przystanek Kal\u0161a. 03.05.2024<\/p>\n","protected":false},"author":1,"featured_media":21944,"comment_status":"open","ping_status":"","sticky":false,"template":"","format":"standard","meta":{"footnotes":""},"categories":[2,5],"tags":[4514,2071,4513,759,675,469],"class_list":["post-21943","post","type-post","status-publish","format-standard","has-post-thumbnail","hentry","category-kolej","category-2024r","tag-2024-05-03","tag-2071","tag-kalsa","tag-majowka-2024","tag-slowacja","tag-zssk"],"_links":{"self":[{"href":"http:\/\/wgphoto.pl\/t\/index.php?rest_route=\/wp\/v2\/posts\/21943","targetHints":{"allow":["GET"]}}],"collection":[{"href":"http:\/\/wgphoto.pl\/t\/index.php?rest_route=\/wp\/v2\/posts"}],"about":[{"href":"http:\/\/wgphoto.pl\/t\/index.php?rest_route=\/wp\/v2\/types\/post"}],"author":[{"embeddable":true,"href":"http:\/\/wgphoto.pl\/t\/index.php?rest_route=\/wp\/v2\/users\/1"}],"replies":[{"embeddable":true,"href":"http:\/\/wgphoto.pl\/t\/index.php?rest_route=%2Fwp%2Fv2%2Fcomments&post=21943"}],"version-history":[{"count":1,"href":"http:\/\/wgphoto.pl\/t\/index.php?rest_route=\/wp\/v2\/posts\/21943\/revisions"}],"predecessor-version":[{"id":21945,"href":"http:\/\/wgphoto.pl\/t\/index.php?rest_route=\/wp\/v2\/posts\/21943\/revisions\/21945"}],"wp:featuredmedia":[{"embeddable":true,"href":"http:\/\/wgphoto.pl\/t\/index.php?rest_route=\/wp\/v2\/media\/21944"}],"wp:attachment":[{"href":"http:\/\/wgphoto.pl\/t\/index.php?rest_route=%2Fwp%2Fv2%2Fmedia&parent=21943"}],"wp:term":[{"taxonomy":"category","embeddable":true,"href":"http:\/\/wgphoto.pl\/t\/index.php?rest_route=%2Fwp%2Fv2%2Fcategories&post=21943"},{"taxonomy":"post_tag","embeddable":true,"href":"http:\/\/wgphoto.pl\/t\/index.php?rest_route=%2Fwp%2Fv2%2Ftags&post=21943"}],"curies":[{"name":"wp","href":"https:\/\/api.w.org\/{rel}","templated":true}]}}