{"id":21961,"date":"2025-09-14T14:22:40","date_gmt":"2025-09-14T12:22:40","guid":{"rendered":"https:\/\/wgphoto.pl\/t\/?p=21961"},"modified":"2026-04-13T19:06:48","modified_gmt":"2026-04-13T17:06:48","slug":"branik-w-najbrcie","status":"publish","type":"post","link":"http:\/\/wgphoto.pl\/t\/?p=21961","title":{"rendered":"Bran\u00edk w Najbrcie"},"content":{"rendered":"\n<figure class=\"wp-block-image aligncenter size-full\"><img loading=\"lazy\" decoding=\"async\" width=\"1400\" height=\"927\" src=\"https:\/\/wgphoto.pl\/t\/wp-content\/uploads\/2025\/09\/IMGP6688-22.jpg\" alt=\"\" class=\"wp-image-21962\" srcset=\"http:\/\/wgphoto.pl\/t\/wp-content\/uploads\/2025\/09\/IMGP6688-22.jpg 1400w, http:\/\/wgphoto.pl\/t\/wp-content\/uploads\/2025\/09\/IMGP6688-22-300x199.jpg 300w, http:\/\/wgphoto.pl\/t\/wp-content\/uploads\/2025\/09\/IMGP6688-22-768x509.jpg 768w\" sizes=\"auto, (max-width: 1400px) 100vw, 1400px\" \/><\/figure>\n\n\n\n<div class=\"wp-block-group has-global-padding is-layout-constrained wp-block-group-is-layout-constrained\">\n<p>754.045 z poci\u0105giem osobowym Praha hl.n. &#8211; \u010cer\u010dany, planowo w weekendy zestawianym z &#8222;bohun\u00f3w&#8221;, odje\u017cd\u017ca z Prahy-Bran\u00edk. Z po\u0142ow\u0105 prawdopodobie\u0144stwa mog\u0142a si\u0119 tu pojawi\u0107 maszyna w retrolaku, ale tym razem nie wygra\u0142em. 26.03.2022<\/p>\n<\/div>\n","protected":false},"excerpt":{"rendered":"<p>754.045 z poci\u0105giem osobowym Praha hl.n. &#8211; \u010cer\u010dany, planowo w weekendy zestawianym z &#8222;bohun\u00f3w&#8221;, odje\u017cd\u017ca z Prahy-Bran\u00edk. Z po\u0142ow\u0105 prawdopodobie\u0144stwa mog\u0142a si\u0119 tu pojawi\u0107 maszyna w retrolaku, ale tym razem nie wygra\u0142em. 26.03.2022<\/p>\n","protected":false},"author":1,"featured_media":21962,"comment_status":"open","ping_status":"","sticky":false,"template":"","format":"standard","meta":{"footnotes":""},"categories":[2,669],"tags":[2778,335,283,50,49,52,2431,2218],"class_list":["post-21961","post","type-post","status-publish","format-standard","has-post-thumbnail","hentry","category-kolej","category-rok-2022","tag-2022-03-26","tag-335","tag-bdhpmnu","tag-cd","tag-czechy","tag-praga","tag-praha-branik","tag-tab-cz210"],"_links":{"self":[{"href":"http:\/\/wgphoto.pl\/t\/index.php?rest_route=\/wp\/v2\/posts\/21961","targetHints":{"allow":["GET"]}}],"collection":[{"href":"http:\/\/wgphoto.pl\/t\/index.php?rest_route=\/wp\/v2\/posts"}],"about":[{"href":"http:\/\/wgphoto.pl\/t\/index.php?rest_route=\/wp\/v2\/types\/post"}],"author":[{"embeddable":true,"href":"http:\/\/wgphoto.pl\/t\/index.php?rest_route=\/wp\/v2\/users\/1"}],"replies":[{"embeddable":true,"href":"http:\/\/wgphoto.pl\/t\/index.php?rest_route=%2Fwp%2Fv2%2Fcomments&post=21961"}],"version-history":[{"count":1,"href":"http:\/\/wgphoto.pl\/t\/index.php?rest_route=\/wp\/v2\/posts\/21961\/revisions"}],"predecessor-version":[{"id":21963,"href":"http:\/\/wgphoto.pl\/t\/index.php?rest_route=\/wp\/v2\/posts\/21961\/revisions\/21963"}],"wp:featuredmedia":[{"embeddable":true,"href":"http:\/\/wgphoto.pl\/t\/index.php?rest_route=\/wp\/v2\/media\/21962"}],"wp:attachment":[{"href":"http:\/\/wgphoto.pl\/t\/index.php?rest_route=%2Fwp%2Fv2%2Fmedia&parent=21961"}],"wp:term":[{"taxonomy":"category","embeddable":true,"href":"http:\/\/wgphoto.pl\/t\/index.php?rest_route=%2Fwp%2Fv2%2Fcategories&post=21961"},{"taxonomy":"post_tag","embeddable":true,"href":"http:\/\/wgphoto.pl\/t\/index.php?rest_route=%2Fwp%2Fv2%2Ftags&post=21961"}],"curies":[{"name":"wp","href":"https:\/\/api.w.org\/{rel}","templated":true}]}}